{"id":83789,"date":"2023-08-17T08:34:11","date_gmt":"2023-08-17T12:34:11","guid":{"rendered":"https:\/\/wfh.org\/article\/la-fmh-endeuillee-par-le-deces-de-felipe-contreras\/"},"modified":"2024-04-08T08:34:49","modified_gmt":"2024-04-08T12:34:49","slug":"la-fmh-endeuillee-par-le-deces-de-felipe-contreras","status":"publish","type":"post","link":"https:\/\/wfh.org\/fr\/article\/la-fmh-endeuillee-par-le-deces-de-felipe-contreras\/","title":{"rendered":"La FMH endeuill\u00e9e par le d\u00e9c\u00e8s de Felipe Contreras"},"content":{"rendered":"\t\t<div data-elementor-type=\"wp-post\" data-elementor-id=\"83789\" class=\"elementor elementor-83789 elementor-82696\" data-elementor-post-type=\"post\">\n\t\t\t\t\t\t<section class=\"elementor-section elementor-top-section elementor-element elementor-element-0027aac elementor-section-boxed elementor-section-height-default elementor-section-height-default\" data-id=\"0027aac\" data-element_type=\"section\" data-e-type=\"section\">\n\t\t\t\t\t\t<div class=\"elementor-container elementor-column-gap-default\">\n\t\t\t\t\t<div class=\"elementor-column elementor-col-100 elementor-top-column elementor-element elementor-element-da08a02\" data-id=\"da08a02\" data-element_type=\"column\" data-e-type=\"column\">\n\t\t\t<div class=\"elementor-widget-wrap elementor-element-populated\">\n\t\t\t\t\t\t<div class=\"elementor-element elementor-element-c26d105 elementor-widget elementor-widget-text-editor\" data-id=\"c26d105\" data-element_type=\"widget\" data-e-type=\"widget\" data-widget_type=\"text-editor.default\">\n\t\t\t\t<div class=\"elementor-widget-container\">\n\t\t\t\t\t\t\t\t\t<p>Felipe Contreras est n\u00e9 le 29 ao\u00fbt 1982 et a \u00e9tudi\u00e9 les percussions avant de se tourner vers la kin\u00e9siologie, pour r\u00e9aliser son r\u00eave d\u2019aider les autres, notamment la communaut\u00e9 de l\u2019h\u00e9mophilie. Il a \u00e9t\u00e9 b\u00e9n\u00e9vole au sein de la Sociedad Chilena de Hemofilia pendant plus de 14 ans, o\u00f9 en tant que vice-pr\u00e9sident, il a dirig\u00e9 les initiatives de recherche de l\u2019ONM. Il prodiguait souvent des soins aux patient\u00b7e\u00b7s et on le voyait aussi r\u00e9guli\u00e8rement prendre la parole sur l\u2019importance des interventions musculosquelettiques pr\u00e9coces afin de pr\u00e9venir ou de r\u00e9duire les l\u00e9sions articulaires. Felipe \u00e9tait un b\u00e9n\u00e9vole tr\u00e8s actif sur les questions musculosquelettiques, participait \u00e0 des webinaires et \u00e9tait un membre important du groupe d\u2019Am\u00e9rique latine sur la sant\u00e9 musculosquelettique dirig\u00e9 par Carla Daffunchio. Avec sa femme Anais, il \u00e9tait aussi b\u00e9n\u00e9vole \u00e0 l\u2019\u00e9glise La Vi\u00f1a de Las Condes, o\u00f9 tous deux soutenaient une \u00e9cole de football pour les enfants vuln\u00e9rables.<\/p>\n<p>Au nom de toute la communaut\u00e9 mondiale des troubles de la coagulation, la FMH tient \u00e0 adresser ses plus sinc\u00e8res condol\u00e9ances \u00e0 toute la famille de Felipe Contreras, ainsi qu\u2019\u00e0 ses ami\u00b7es et coll\u00e8gues.<\/p>\n\t\t\t\t\t\t\t\t<\/div>\n\t\t\t\t<\/div>\n\t\t\t\t\t<\/div>\n\t\t<\/div>\n\t\t\t\t\t<\/div>\n\t\t<\/section>\n\t\t\t\t<\/div>\n\t\t","protected":false},"excerpt":{"rendered":"<p>C\u2019est avec une profonde tristesse que la F\u00e9d\u00e9ration mondiale de l\u2019h\u00e9mophilie a appris le r\u00e9cent d\u00e9c\u00e8s de Felipe Contreras, ancien vice-pr\u00e9sident de l\u2019organisation nationale membre (ONM) chilienne, la Sociedad Chilena de Hemofilia.<\/p>\n","protected":false},"author":13,"featured_media":82698,"comment_status":"closed","ping_status":"closed","sticky":false,"template":"","format":"standard","meta":{"inline_featured_image":false,"footnotes":""},"categories":[8],"tags":[],"search-category":[85],"class_list":["post-83789","post","type-post","status-publish","format-standard","has-post-thumbnail","hentry","category-non-classifiee","search-category-article"],"yoast_head":"<!-- This site is optimized with the Yoast SEO Premium plugin v27.2 (Yoast SEO v27.2) - https:\/\/yoast.com\/product\/yoast-seo-premium-wordpress\/ -->\n<title>La FMH endeuill\u00e9e par le d\u00e9c\u00e8s de Felipe Contreras | FMH - F\u00e9d\u00e9ration mondiale de l\u2019h\u00e9mophilie<\/title>\n<meta name=\"robots\" content=\"index, follow, max-snippet:-1, max-image-preview:large, max-video-preview:-1\" \/>\n<link rel=\"canonical\" href=\"https:\/\/wfh.org\/fr\/article\/la-fmh-endeuillee-par-le-deces-de-felipe-contreras\/\" \/>\n<meta property=\"og:locale\" content=\"fr_FR\" \/>\n<meta property=\"og:type\" content=\"article\" \/>\n<meta property=\"og:title\" content=\"La FMH endeuill\u00e9e par le d\u00e9c\u00e8s de Felipe Contreras\" \/>\n<meta property=\"og:description\" content=\"C\u2019est avec une profonde tristesse que la F\u00e9d\u00e9ration mondiale de l\u2019h\u00e9mophilie a appris le r\u00e9cent d\u00e9c\u00e8s de Felipe Contreras, ancien vice-pr\u00e9sident de l\u2019organisation nationale membre (ONM) chilienne, la Sociedad Chilena de Hemofilia.\" \/>\n<meta property=\"og:url\" content=\"https:\/\/wfh.org\/fr\/article\/la-fmh-endeuillee-par-le-deces-de-felipe-contreras\/\" \/>\n<meta property=\"og:site_name\" content=\"FMH - F\u00e9d\u00e9ration mondiale de l\u2019h\u00e9mophilie\" \/>\n<meta property=\"article:publisher\" content=\"https:\/\/www.facebook.com\/wfhemophilia\/\" \/>\n<meta property=\"article:published_time\" content=\"2023-08-17T12:34:11+00:00\" \/>\n<meta property=\"article:modified_time\" content=\"2024-04-08T12:34:49+00:00\" \/>\n<meta property=\"og:image\" content=\"https:\/\/wfh.org\/wp-content\/uploads\/2023\/08\/Felipe-Contreras-header.jpeg\" \/>\n\t<meta property=\"og:image:width\" content=\"1200\" \/>\n\t<meta property=\"og:image:height\" content=\"627\" \/>\n\t<meta property=\"og:image:type\" content=\"image\/jpeg\" \/>\n<meta name=\"author\" content=\"Mitch Semienchuk\" \/>\n<meta name=\"twitter:card\" content=\"summary_large_image\" \/>\n<meta name=\"twitter:label1\" content=\"\u00c9crit par\" \/>\n\t<meta name=\"twitter:data1\" content=\"Mitch Semienchuk\" \/>\n\t<meta name=\"twitter:label2\" content=\"Dur\u00e9e de lecture estim\u00e9e\" \/>\n\t<meta name=\"twitter:data2\" content=\"1 minute\" \/>\n<script type=\"application\/ld+json\" class=\"yoast-schema-graph\">{\"@context\":\"https:\/\/schema.org\",\"@graph\":[{\"@type\":\"Article\",\"@id\":\"https:\/\/wfh.org\/fr\/article\/la-fmh-endeuillee-par-le-deces-de-felipe-contreras\/#article\",\"isPartOf\":{\"@id\":\"https:\/\/wfh.org\/fr\/article\/la-fmh-endeuillee-par-le-deces-de-felipe-contreras\/\"},\"author\":{\"name\":\"Mitch Semienchuk\",\"@id\":\"https:\/\/wfh.org\/fr\/#\/schema\/person\/4aea5b13c1966452a640eef39423925b\"},\"headline\":\"La FMH endeuill\u00e9e par le d\u00e9c\u00e8s de Felipe Contreras\",\"datePublished\":\"2023-08-17T12:34:11+00:00\",\"dateModified\":\"2024-04-08T12:34:49+00:00\",\"mainEntityOfPage\":{\"@id\":\"https:\/\/wfh.org\/fr\/article\/la-fmh-endeuillee-par-le-deces-de-felipe-contreras\/\"},\"wordCount\":225,\"publisher\":{\"@id\":\"https:\/\/wfh.org\/fr\/#organization\"},\"image\":{\"@id\":\"https:\/\/wfh.org\/fr\/article\/la-fmh-endeuillee-par-le-deces-de-felipe-contreras\/#primaryimage\"},\"thumbnailUrl\":\"https:\/\/wfh.org\/wp-content\/uploads\/2023\/08\/Felipe-Contreras-header.jpeg\",\"articleSection\":[\"Non classifi\u00e9(e)\"],\"inLanguage\":\"fr-FR\"},{\"@type\":\"WebPage\",\"@id\":\"https:\/\/wfh.org\/fr\/article\/la-fmh-endeuillee-par-le-deces-de-felipe-contreras\/\",\"url\":\"https:\/\/wfh.org\/fr\/article\/la-fmh-endeuillee-par-le-deces-de-felipe-contreras\/\",\"name\":\"La FMH endeuill\u00e9e par le d\u00e9c\u00e8s de Felipe Contreras | FMH - F\u00e9d\u00e9ration mondiale de l\u2019h\u00e9mophilie\",\"isPartOf\":{\"@id\":\"https:\/\/wfh.org\/fr\/#website\"},\"primaryImageOfPage\":{\"@id\":\"https:\/\/wfh.org\/fr\/article\/la-fmh-endeuillee-par-le-deces-de-felipe-contreras\/#primaryimage\"},\"image\":{\"@id\":\"https:\/\/wfh.org\/fr\/article\/la-fmh-endeuillee-par-le-deces-de-felipe-contreras\/#primaryimage\"},\"thumbnailUrl\":\"https:\/\/wfh.org\/wp-content\/uploads\/2023\/08\/Felipe-Contreras-header.jpeg\",\"datePublished\":\"2023-08-17T12:34:11+00:00\",\"dateModified\":\"2024-04-08T12:34:49+00:00\",\"inLanguage\":\"fr-FR\",\"potentialAction\":[{\"@type\":\"ReadAction\",\"target\":[\"https:\/\/wfh.org\/fr\/article\/la-fmh-endeuillee-par-le-deces-de-felipe-contreras\/\"]}]},{\"@type\":\"ImageObject\",\"inLanguage\":\"fr-FR\",\"@id\":\"https:\/\/wfh.org\/fr\/article\/la-fmh-endeuillee-par-le-deces-de-felipe-contreras\/#primaryimage\",\"url\":\"https:\/\/wfh.org\/wp-content\/uploads\/2023\/08\/Felipe-Contreras-header.jpeg\",\"contentUrl\":\"https:\/\/wfh.org\/wp-content\/uploads\/2023\/08\/Felipe-Contreras-header.jpeg\",\"width\":1200,\"height\":627},{\"@type\":\"WebSite\",\"@id\":\"https:\/\/wfh.org\/fr\/#website\",\"url\":\"https:\/\/wfh.org\/fr\/\",\"name\":\"FMH - F\u00e9d\u00e9ration mondiale de l\u2019h\u00e9mophilie\",\"description\":\"WFH - World Federation of Hemophilia\",\"publisher\":{\"@id\":\"https:\/\/wfh.org\/fr\/#organization\"},\"potentialAction\":[{\"@type\":\"SearchAction\",\"target\":{\"@type\":\"EntryPoint\",\"urlTemplate\":\"https:\/\/wfh.org\/fr\/?s={search_term_string}\"},\"query-input\":{\"@type\":\"PropertyValueSpecification\",\"valueRequired\":true,\"valueName\":\"search_term_string\"}}],\"inLanguage\":\"fr-FR\"},{\"@type\":\"Organization\",\"@id\":\"https:\/\/wfh.org\/fr\/#organization\",\"name\":\"World Federation of Hemophilia\",\"url\":\"https:\/\/wfh.org\/fr\/\",\"logo\":{\"@type\":\"ImageObject\",\"inLanguage\":\"fr-FR\",\"@id\":\"https:\/\/wfh.org\/fr\/#\/schema\/logo\/image\/\",\"url\":\"https:\/\/wfh.org\/wp-content\/uploads\/2021\/10\/WFH-LOGO-ENGLISH.svg\",\"contentUrl\":\"https:\/\/wfh.org\/wp-content\/uploads\/2021\/10\/WFH-LOGO-ENGLISH.svg\",\"width\":210,\"height\":63,\"caption\":\"World Federation of Hemophilia\"},\"image\":{\"@id\":\"https:\/\/wfh.org\/fr\/#\/schema\/logo\/image\/\"},\"sameAs\":[\"https:\/\/www.facebook.com\/wfhemophilia\/\"]},{\"@type\":\"Person\",\"@id\":\"https:\/\/wfh.org\/fr\/#\/schema\/person\/4aea5b13c1966452a640eef39423925b\",\"name\":\"Mitch Semienchuk\",\"sameAs\":[\"analytics\"]}]}<\/script>\n<!-- \/ Yoast SEO Premium plugin. -->","yoast_head_json":{"title":"La FMH endeuill\u00e9e par le d\u00e9c\u00e8s de Felipe Contreras | FMH - F\u00e9d\u00e9ration mondiale de l\u2019h\u00e9mophilie","robots":{"index":"index","follow":"follow","max-snippet":"max-snippet:-1","max-image-preview":"max-image-preview:large","max-video-preview":"max-video-preview:-1"},"canonical":"https:\/\/wfh.org\/fr\/article\/la-fmh-endeuillee-par-le-deces-de-felipe-contreras\/","og_locale":"fr_FR","og_type":"article","og_title":"La FMH endeuill\u00e9e par le d\u00e9c\u00e8s de Felipe Contreras","og_description":"C\u2019est avec une profonde tristesse que la F\u00e9d\u00e9ration mondiale de l\u2019h\u00e9mophilie a appris le r\u00e9cent d\u00e9c\u00e8s de Felipe Contreras, ancien vice-pr\u00e9sident de l\u2019organisation nationale membre (ONM) chilienne, la Sociedad Chilena de Hemofilia.","og_url":"https:\/\/wfh.org\/fr\/article\/la-fmh-endeuillee-par-le-deces-de-felipe-contreras\/","og_site_name":"FMH - F\u00e9d\u00e9ration mondiale de l\u2019h\u00e9mophilie","article_publisher":"https:\/\/www.facebook.com\/wfhemophilia\/","article_published_time":"2023-08-17T12:34:11+00:00","article_modified_time":"2024-04-08T12:34:49+00:00","og_image":[{"width":1200,"height":627,"url":"https:\/\/wfh.org\/wp-content\/uploads\/2023\/08\/Felipe-Contreras-header.jpeg","type":"image\/jpeg"}],"author":"Mitch Semienchuk","twitter_card":"summary_large_image","twitter_misc":{"\u00c9crit par":"Mitch Semienchuk","Dur\u00e9e de lecture estim\u00e9e":"1 minute"},"schema":{"@context":"https:\/\/schema.org","@graph":[{"@type":"Article","@id":"https:\/\/wfh.org\/fr\/article\/la-fmh-endeuillee-par-le-deces-de-felipe-contreras\/#article","isPartOf":{"@id":"https:\/\/wfh.org\/fr\/article\/la-fmh-endeuillee-par-le-deces-de-felipe-contreras\/"},"author":{"name":"Mitch Semienchuk","@id":"https:\/\/wfh.org\/fr\/#\/schema\/person\/4aea5b13c1966452a640eef39423925b"},"headline":"La FMH endeuill\u00e9e par le d\u00e9c\u00e8s de Felipe Contreras","datePublished":"2023-08-17T12:34:11+00:00","dateModified":"2024-04-08T12:34:49+00:00","mainEntityOfPage":{"@id":"https:\/\/wfh.org\/fr\/article\/la-fmh-endeuillee-par-le-deces-de-felipe-contreras\/"},"wordCount":225,"publisher":{"@id":"https:\/\/wfh.org\/fr\/#organization"},"image":{"@id":"https:\/\/wfh.org\/fr\/article\/la-fmh-endeuillee-par-le-deces-de-felipe-contreras\/#primaryimage"},"thumbnailUrl":"https:\/\/wfh.org\/wp-content\/uploads\/2023\/08\/Felipe-Contreras-header.jpeg","articleSection":["Non classifi\u00e9(e)"],"inLanguage":"fr-FR"},{"@type":"WebPage","@id":"https:\/\/wfh.org\/fr\/article\/la-fmh-endeuillee-par-le-deces-de-felipe-contreras\/","url":"https:\/\/wfh.org\/fr\/article\/la-fmh-endeuillee-par-le-deces-de-felipe-contreras\/","name":"La FMH endeuill\u00e9e par le d\u00e9c\u00e8s de Felipe Contreras | FMH - F\u00e9d\u00e9ration mondiale de l\u2019h\u00e9mophilie","isPartOf":{"@id":"https:\/\/wfh.org\/fr\/#website"},"primaryImageOfPage":{"@id":"https:\/\/wfh.org\/fr\/article\/la-fmh-endeuillee-par-le-deces-de-felipe-contreras\/#primaryimage"},"image":{"@id":"https:\/\/wfh.org\/fr\/article\/la-fmh-endeuillee-par-le-deces-de-felipe-contreras\/#primaryimage"},"thumbnailUrl":"https:\/\/wfh.org\/wp-content\/uploads\/2023\/08\/Felipe-Contreras-header.jpeg","datePublished":"2023-08-17T12:34:11+00:00","dateModified":"2024-04-08T12:34:49+00:00","inLanguage":"fr-FR","potentialAction":[{"@type":"ReadAction","target":["https:\/\/wfh.org\/fr\/article\/la-fmh-endeuillee-par-le-deces-de-felipe-contreras\/"]}]},{"@type":"ImageObject","inLanguage":"fr-FR","@id":"https:\/\/wfh.org\/fr\/article\/la-fmh-endeuillee-par-le-deces-de-felipe-contreras\/#primaryimage","url":"https:\/\/wfh.org\/wp-content\/uploads\/2023\/08\/Felipe-Contreras-header.jpeg","contentUrl":"https:\/\/wfh.org\/wp-content\/uploads\/2023\/08\/Felipe-Contreras-header.jpeg","width":1200,"height":627},{"@type":"WebSite","@id":"https:\/\/wfh.org\/fr\/#website","url":"https:\/\/wfh.org\/fr\/","name":"FMH - F\u00e9d\u00e9ration mondiale de l\u2019h\u00e9mophilie","description":"WFH - World Federation of Hemophilia","publisher":{"@id":"https:\/\/wfh.org\/fr\/#organization"},"potentialAction":[{"@type":"SearchAction","target":{"@type":"EntryPoint","urlTemplate":"https:\/\/wfh.org\/fr\/?s={search_term_string}"},"query-input":{"@type":"PropertyValueSpecification","valueRequired":true,"valueName":"search_term_string"}}],"inLanguage":"fr-FR"},{"@type":"Organization","@id":"https:\/\/wfh.org\/fr\/#organization","name":"World Federation of Hemophilia","url":"https:\/\/wfh.org\/fr\/","logo":{"@type":"ImageObject","inLanguage":"fr-FR","@id":"https:\/\/wfh.org\/fr\/#\/schema\/logo\/image\/","url":"https:\/\/wfh.org\/wp-content\/uploads\/2021\/10\/WFH-LOGO-ENGLISH.svg","contentUrl":"https:\/\/wfh.org\/wp-content\/uploads\/2021\/10\/WFH-LOGO-ENGLISH.svg","width":210,"height":63,"caption":"World Federation of Hemophilia"},"image":{"@id":"https:\/\/wfh.org\/fr\/#\/schema\/logo\/image\/"},"sameAs":["https:\/\/www.facebook.com\/wfhemophilia\/"]},{"@type":"Person","@id":"https:\/\/wfh.org\/fr\/#\/schema\/person\/4aea5b13c1966452a640eef39423925b","name":"Mitch Semienchuk","sameAs":["analytics"]}]}},"_links":{"self":[{"href":"https:\/\/wfh.org\/fr\/wp-json\/wp\/v2\/posts\/83789","targetHints":{"allow":["GET"]}}],"collection":[{"href":"https:\/\/wfh.org\/fr\/wp-json\/wp\/v2\/posts"}],"about":[{"href":"https:\/\/wfh.org\/fr\/wp-json\/wp\/v2\/types\/post"}],"author":[{"embeddable":true,"href":"https:\/\/wfh.org\/fr\/wp-json\/wp\/v2\/users\/13"}],"replies":[{"embeddable":true,"href":"https:\/\/wfh.org\/fr\/wp-json\/wp\/v2\/comments?post=83789"}],"version-history":[{"count":0,"href":"https:\/\/wfh.org\/fr\/wp-json\/wp\/v2\/posts\/83789\/revisions"}],"wp:featuredmedia":[{"embeddable":true,"href":"https:\/\/wfh.org\/fr\/wp-json\/wp\/v2\/media\/82698"}],"wp:attachment":[{"href":"https:\/\/wfh.org\/fr\/wp-json\/wp\/v2\/media?parent=83789"}],"wp:term":[{"taxonomy":"category","embeddable":true,"href":"https:\/\/wfh.org\/fr\/wp-json\/wp\/v2\/categories?post=83789"},{"taxonomy":"post_tag","embeddable":true,"href":"https:\/\/wfh.org\/fr\/wp-json\/wp\/v2\/tags?post=83789"},{"taxonomy":"search-category","embeddable":true,"href":"https:\/\/wfh.org\/fr\/wp-json\/wp\/v2\/search-category?post=83789"}],"curies":[{"name":"wp","href":"https:\/\/api.w.org\/{rel}","templated":true}]}}