{"id":71620,"date":"2023-05-19T10:43:41","date_gmt":"2023-05-19T14:43:41","guid":{"rendered":"https:\/\/wfh.org\/article\/franc-succes-pour-le-sommet-sur-les-soins-integres-2023-de-la-fmh\/"},"modified":"2026-03-12T09:56:22","modified_gmt":"2026-03-12T13:56:22","slug":"franc-succes-pour-le-sommet-sur-les-soins-integres-2023-de-la-fmh","status":"publish","type":"post","link":"https:\/\/wfh.org\/fr\/article\/franc-succes-pour-le-sommet-sur-les-soins-integres-2023-de-la-fmh\/","title":{"rendered":"Franc succ\u00e8s pour le Sommet sur les soins int\u00e9gr\u00e9s 2023 de la FMH"},"content":{"rendered":"\t\t<div data-elementor-type=\"wp-post\" data-elementor-id=\"71620\" class=\"elementor elementor-71620 elementor-71288\" data-elementor-post-type=\"post\">\n\t\t\t\t\t\t<section class=\"elementor-section elementor-top-section elementor-element elementor-element-98cfa3f elementor-section-boxed elementor-section-height-default elementor-section-height-default\" data-id=\"98cfa3f\" data-element_type=\"section\" data-e-type=\"section\">\n\t\t\t\t\t\t<div class=\"elementor-container elementor-column-gap-default\">\n\t\t\t\t\t<div class=\"elementor-column elementor-col-100 elementor-top-column elementor-element elementor-element-87ca366\" data-id=\"87ca366\" data-element_type=\"column\" data-e-type=\"column\">\n\t\t\t<div class=\"elementor-widget-wrap elementor-element-populated\">\n\t\t\t\t\t\t<section class=\"elementor-section elementor-inner-section elementor-element elementor-element-e9d071e elementor-section-boxed elementor-section-height-default elementor-section-height-default\" data-id=\"e9d071e\" data-element_type=\"section\" data-e-type=\"section\">\n\t\t\t\t\t\t<div class=\"elementor-container elementor-column-gap-default\">\n\t\t\t\t\t<div class=\"elementor-column elementor-col-100 elementor-inner-column elementor-element elementor-element-7c0e322\" data-id=\"7c0e322\" data-element_type=\"column\" data-e-type=\"column\">\n\t\t\t<div class=\"elementor-widget-wrap elementor-element-populated\">\n\t\t\t\t\t\t<div class=\"elementor-element elementor-element-bcde685 elementor-widget elementor-widget-text-editor\" data-id=\"bcde685\" data-element_type=\"widget\" data-e-type=\"widget\" data-widget_type=\"text-editor.default\">\n\t\t\t\t<div class=\"elementor-widget-container\">\n\t\t\t\t\t\t\t\t\t<p>Le <a href=\"https:\/\/wfh.org\/fr\/events-new\/sommet-sur-les-soins-integres-2023-de-la-fmh-nouveaux-developpements-en-matiere-de-troubles-de-la-coagulation-et-sante-musculosquelettique\/\" target=\"_blank\" rel=\"noopener\">Sommet<\/a>, qui a dur\u00e9 trois jours, a propos\u00e9 des dizaines de sessions palpitantes qui ont suscit\u00e9 la r\u00e9flexion. Chacune a permis de renforcer les connaissances des participant\u00b7es et ainsi d\u2019am\u00e9liorer les soins aux patient\u00b7es dans le domaine des troubles h\u00e9r\u00e9ditaires de la coagulation. Les ateliers pratiques ont donn\u00e9 l\u2019occasion aux participant\u00b7es de discuter en direct avec les expert\u00b7es, tandis que les sessions m\u00e9dicales, multidisciplinaires et musculosquelettiques leur ont fourni des perspectives pr\u00e9cieuses et des informations sur les derni\u00e8res avanc\u00e9es dans les soins. Chacune des sessions a \u00e9t\u00e9 suivie avec grand int\u00e9r\u00eat, a g\u00e9n\u00e9r\u00e9 des questions passionnantes, a montr\u00e9 le r\u00f4le des diff\u00e9rents aspects des soins dans le cadre des soins int\u00e9gr\u00e9s, et soulign\u00e9 l\u2019importance d\u2019explorer des approches innovantes. Pour en savoir plus sur les sessions propos\u00e9es lors du sommet, <a href=\"https:\/\/wfh.org\/fr\/events-new\/sommet-sur-les-soins-integres-2023-de-la-fmh-nouveaux-developpements-en-matiere-de-troubles-de-la-coagulation-et-sante-musculosquelettique\/#agenda\" target=\"_blank\" rel=\"noopener\">consultez le programme ici<\/a>.<\/p>\n<p>Les participant\u00b7es ont aussi pu assister \u00e0 deux remises majeures de prix de la FMH. Nicholas Goddard a re\u00e7u le <a href=\"https:\/\/wfh.org\/fr\/prix\/#program-research\" target=\"_blank\" rel=\"noopener\">Prix Pietrogrande<\/a>, cr\u00e9\u00e9 pour mettre \u00e0 l\u2019honneur les efforts remarquables d\u00e9ploy\u00e9s par un professionnel de sant\u00e9 pour faire avancer la mission et les objectifs du Comit\u00e9 sur la sant\u00e9 musculosquelettique de la FMH. Gabriella Yamaguti-Hayakawa a quant \u00e0 elle re\u00e7u le <a href=\"https:\/\/wfh.org\/fr\/prix\/#partner\" target=\"_blank\" rel=\"noopener\">Prix Christine Lee Young pour la recherche<\/a>, d\u00e9cern\u00e9 \u00e0 un ou une jeune chercheuse (\u00e9tudiant\u00b7e ayant obtenu un dipl\u00f4me d\u2019\u00e9tudes sup\u00e9rieures ou un doctorat) ayant r\u00e9dig\u00e9 et pr\u00e9sent\u00e9 une synth\u00e8se de travaux et obtenu d\u2019excellentes notes dans tout domaine li\u00e9 \u00e0 l\u2019h\u00e9mophilie ou \u00e0 tout autre trouble de la coagulation.<\/p>\n\t\t\t\t\t\t\t\t<\/div>\n\t\t\t\t<\/div>\n\t\t\t\t<div class=\"elementor-element elementor-element-83de988 elementor-widget elementor-widget-image\" data-id=\"83de988\" data-element_type=\"widget\" data-e-type=\"widget\" data-widget_type=\"image.default\">\n\t\t\t\t<div class=\"elementor-widget-container\">\n\t\t\t\t\t\t\t\t\t\t\t\t\t\t\t<img fetchpriority=\"high\" decoding=\"async\" width=\"1200\" height=\"553\" src=\"https:\/\/wfh.org\/wp-content\/uploads\/2023\/05\/CCS-wrapup-image.jpg\" class=\"attachment-full size-full wp-image-71296\" alt=\"\" srcset=\"https:\/\/wfh.org\/wp-content\/uploads\/2023\/05\/CCS-wrapup-image.jpg 1200w, https:\/\/wfh.org\/wp-content\/uploads\/2023\/05\/CCS-wrapup-image-192x88.jpg 192w, https:\/\/wfh.org\/wp-content\/uploads\/2023\/05\/CCS-wrapup-image-768x354.jpg 768w\" sizes=\"(max-width: 1200px) 100vw, 1200px\" \/>\t\t\t\t\t\t\t\t\t\t\t\t\t\t\t<\/div>\n\t\t\t\t<\/div>\n\t\t\t\t<div class=\"elementor-element elementor-element-70d1229 elementor-widget elementor-widget-text-editor\" data-id=\"70d1229\" data-element_type=\"widget\" data-e-type=\"widget\" data-widget_type=\"text-editor.default\">\n\t\t\t\t<div class=\"elementor-widget-container\">\n\t\t\t\t\t\t\t\t\t<p>Le Sommet est certes termin\u00e9, mais vous avez toujours acc\u00e8s \u00e0 une partie de son pr\u00e9cieux contenu\u00a0! N\u2019h\u00e9sitez pas \u00e0 visiter notre galerie d\u2019affiches, qui seront disponibles sur le site de l\u2019\u00e9v\u00e9nement jusqu\u2019au 12 juin prochain, pour en savoir plus sur les importantes recherches actuellement men\u00e9es. Une s\u00e9lection d\u2019abstracts sera \u00e9galement publi\u00e9e dans <em>Haemophilia<\/em>, la revue officielle de la FMH.<\/p>\n<p>Pour acc\u00e9der \u00e0 la galerie des affiches, <a href=\"https:\/\/www.postersessiononline.eu\/pr\/aula_poster.asp?congreso=772045314&amp;swAccesoAdmin=1\" target=\"_blank\" rel=\"noopener\">cliquez ici<\/a>. Pour consulter la revue, <em>Haemophilia<\/em>, <a href=\"https:\/\/onlinelibrary.wiley.com\/journal\/13652516\" target=\"_blank\" rel=\"noopener\">cliquez sur ce lien<\/a>. Pour en savoir plus sur le Sommet sur les soins int\u00e9gr\u00e9s 2023 de la FMH : Nouveaux d\u00e9veloppements en mati\u00e8re de troubles de la coagulation et sant\u00e9 musculosquelettique, <a href=\"https:\/\/wfh.org\/fr\/events-new\/sommet-sur-les-soins-integres-2023-de-la-fmh-nouveaux-developpements-en-matiere-de-troubles-de-la-coagulation-et-sante-musculosquelettique\/\" target=\"_blank\" rel=\"noopener\">c\u2019est ici.<\/a><\/p>\n\t\t\t\t\t\t\t\t<\/div>\n\t\t\t\t<\/div>\n\t\t\t\t\t<\/div>\n\t\t<\/div>\n\t\t\t\t\t<\/div>\n\t\t<\/section>\n\t\t\t\t\t<\/div>\n\t\t<\/div>\n\t\t\t\t\t<\/div>\n\t\t<\/section>\n\t\t\t\t<\/div>\n\t\t","protected":false},"excerpt":{"rendered":"<p>Le Sommet sur les soins int\u00e9gr\u00e9s 2023 de la FMH, \u00ab Nouveaux d\u00e9veloppements en mati\u00e8re de troubles de la coagulation et sant\u00e9 musculosquelettique \u00bb, s\u2019est conclu la semaine derni\u00e8re \u00e0 Buenos Aires, en Argentine. Cet \u00e9v\u00e9nement a regroup\u00e9 le Congr\u00e8s bisannuel international musculosquelettique de la FMH et a regroup\u00e9 des volets musculosquelettique, m\u00e9dical et multidisciplinaire, tous centr\u00e9s sur les personnes atteintes d\u2019un trouble de la coagulation. Plus de 70 pays \u00e9taient repr\u00e9sent\u00e9s, et plus de 700 participant\u00b7es y ont assist\u00e9 en pr\u00e9sentiel : l\u2019\u00e9v\u00e9nement a \u00e9t\u00e9 un franc succ\u00e8s ! Le Sommet a \u00e9t\u00e9 une v\u00e9ritable plateforme de discussion autour des derni\u00e8res avanc\u00e9es et probl\u00e9matiques des soins int\u00e9gr\u00e9s, qui a r\u00e9uni professionnel\u00b7les de sant\u00e9, expert\u00b7es du secteur, patient\u00b7es et familles.<\/p>\n","protected":false},"author":13,"featured_media":71290,"comment_status":"closed","ping_status":"closed","sticky":false,"template":"","format":"standard","meta":{"inline_featured_image":false,"footnotes":""},"categories":[169,332,167,42],"tags":[],"search-category":[85],"class_list":["post-71620","post","type-post","status-publish","format-standard","has-post-thumbnail","hentry","category-events-2","category-featured-2","category-wfh-comprehensive-care-summit","category-wfh-msk-congress","search-category-article"],"yoast_head":"<!-- This site is optimized with the Yoast SEO Premium plugin v27.2 (Yoast SEO v27.2) - https:\/\/yoast.com\/product\/yoast-seo-premium-wordpress\/ -->\n<title>Franc succ\u00e8s pour le Sommet sur les soins int\u00e9gr\u00e9s 2023 de la FMH | FMH - F\u00e9d\u00e9ration mondiale de l\u2019h\u00e9mophilie<\/title>\n<meta name=\"robots\" content=\"index, follow, max-snippet:-1, max-image-preview:large, max-video-preview:-1\" \/>\n<link rel=\"canonical\" href=\"https:\/\/wfh.org\/fr\/article\/franc-succes-pour-le-sommet-sur-les-soins-integres-2023-de-la-fmh\/\" \/>\n<meta property=\"og:locale\" content=\"fr_FR\" \/>\n<meta property=\"og:type\" content=\"article\" \/>\n<meta property=\"og:title\" content=\"Franc succ\u00e8s pour le Sommet sur les soins int\u00e9gr\u00e9s 2023 de la FMH\" \/>\n<meta property=\"og:description\" content=\"Le Sommet sur les soins int\u00e9gr\u00e9s 2023 de la FMH, \u00ab Nouveaux d\u00e9veloppements en mati\u00e8re de troubles de la coagulation et sant\u00e9 musculosquelettique \u00bb, s\u2019est conclu la semaine derni\u00e8re \u00e0 Buenos Aires, en Argentine. Cet \u00e9v\u00e9nement a regroup\u00e9 le Congr\u00e8s bisannuel international musculosquelettique de la FMH et a regroup\u00e9 des volets musculosquelettique, m\u00e9dical et multidisciplinaire, tous centr\u00e9s sur les personnes atteintes d\u2019un trouble de la coagulation. Plus de 70 pays \u00e9taient repr\u00e9sent\u00e9s, et plus de 700 participant\u00b7es y ont assist\u00e9 en pr\u00e9sentiel : l\u2019\u00e9v\u00e9nement a \u00e9t\u00e9 un franc succ\u00e8s ! Le Sommet a \u00e9t\u00e9 une v\u00e9ritable plateforme de discussion autour des derni\u00e8res avanc\u00e9es et probl\u00e9matiques des soins int\u00e9gr\u00e9s, qui a r\u00e9uni professionnel\u00b7les de sant\u00e9, expert\u00b7es du secteur, patient\u00b7es et familles.\" \/>\n<meta property=\"og:url\" content=\"https:\/\/wfh.org\/fr\/article\/franc-succes-pour-le-sommet-sur-les-soins-integres-2023-de-la-fmh\/\" \/>\n<meta property=\"og:site_name\" content=\"FMH - F\u00e9d\u00e9ration mondiale de l\u2019h\u00e9mophilie\" \/>\n<meta property=\"article:publisher\" content=\"https:\/\/www.facebook.com\/wfhemophilia\/\" \/>\n<meta property=\"article:published_time\" content=\"2023-05-19T14:43:41+00:00\" \/>\n<meta property=\"article:modified_time\" content=\"2026-03-12T13:56:22+00:00\" \/>\n<meta property=\"og:image\" content=\"https:\/\/wfh.org\/wp-content\/uploads\/2023\/05\/CCS-wrapup-header.jpg\" \/>\n\t<meta property=\"og:image:width\" content=\"1200\" \/>\n\t<meta property=\"og:image:height\" content=\"700\" \/>\n\t<meta property=\"og:image:type\" content=\"image\/jpeg\" \/>\n<meta name=\"author\" content=\"Mitch Semienchuk\" \/>\n<meta name=\"twitter:card\" content=\"summary_large_image\" \/>\n<meta name=\"twitter:label1\" content=\"\u00c9crit par\" \/>\n\t<meta name=\"twitter:data1\" content=\"Mitch Semienchuk\" \/>\n\t<meta name=\"twitter:label2\" content=\"Dur\u00e9e de lecture estim\u00e9e\" \/>\n\t<meta name=\"twitter:data2\" content=\"2 minutes\" \/>\n<script type=\"application\/ld+json\" class=\"yoast-schema-graph\">{\"@context\":\"https:\/\/schema.org\",\"@graph\":[{\"@type\":\"Article\",\"@id\":\"https:\/\/wfh.org\/fr\/article\/franc-succes-pour-le-sommet-sur-les-soins-integres-2023-de-la-fmh\/#article\",\"isPartOf\":{\"@id\":\"https:\/\/wfh.org\/fr\/article\/franc-succes-pour-le-sommet-sur-les-soins-integres-2023-de-la-fmh\/\"},\"author\":{\"name\":\"Mitch Semienchuk\",\"@id\":\"https:\/\/wfh.org\/fr\/#\/schema\/person\/4aea5b13c1966452a640eef39423925b\"},\"headline\":\"Franc succ\u00e8s pour le Sommet sur les soins int\u00e9gr\u00e9s 2023 de la FMH\",\"datePublished\":\"2023-05-19T14:43:41+00:00\",\"dateModified\":\"2026-03-12T13:56:22+00:00\",\"mainEntityOfPage\":{\"@id\":\"https:\/\/wfh.org\/fr\/article\/franc-succes-pour-le-sommet-sur-les-soins-integres-2023-de-la-fmh\/\"},\"wordCount\":416,\"publisher\":{\"@id\":\"https:\/\/wfh.org\/fr\/#organization\"},\"image\":{\"@id\":\"https:\/\/wfh.org\/fr\/article\/franc-succes-pour-le-sommet-sur-les-soins-integres-2023-de-la-fmh\/#primaryimage\"},\"thumbnailUrl\":\"https:\/\/wfh.org\/wp-content\/uploads\/2023\/05\/CCS-wrapup-header.jpg\",\"articleSection\":[\"Events\",\"Featured 2\",\"WFH Comprehensive Care Summit (CCS)\",\"WFH Musculoskeletal (MSK) Congress\"],\"inLanguage\":\"fr-FR\"},{\"@type\":\"WebPage\",\"@id\":\"https:\/\/wfh.org\/fr\/article\/franc-succes-pour-le-sommet-sur-les-soins-integres-2023-de-la-fmh\/\",\"url\":\"https:\/\/wfh.org\/fr\/article\/franc-succes-pour-le-sommet-sur-les-soins-integres-2023-de-la-fmh\/\",\"name\":\"Franc succ\u00e8s pour le Sommet sur les soins int\u00e9gr\u00e9s 2023 de la FMH | FMH - F\u00e9d\u00e9ration mondiale de l\u2019h\u00e9mophilie\",\"isPartOf\":{\"@id\":\"https:\/\/wfh.org\/fr\/#website\"},\"primaryImageOfPage\":{\"@id\":\"https:\/\/wfh.org\/fr\/article\/franc-succes-pour-le-sommet-sur-les-soins-integres-2023-de-la-fmh\/#primaryimage\"},\"image\":{\"@id\":\"https:\/\/wfh.org\/fr\/article\/franc-succes-pour-le-sommet-sur-les-soins-integres-2023-de-la-fmh\/#primaryimage\"},\"thumbnailUrl\":\"https:\/\/wfh.org\/wp-content\/uploads\/2023\/05\/CCS-wrapup-header.jpg\",\"datePublished\":\"2023-05-19T14:43:41+00:00\",\"dateModified\":\"2026-03-12T13:56:22+00:00\",\"inLanguage\":\"fr-FR\",\"potentialAction\":[{\"@type\":\"ReadAction\",\"target\":[\"https:\/\/wfh.org\/fr\/article\/franc-succes-pour-le-sommet-sur-les-soins-integres-2023-de-la-fmh\/\"]}]},{\"@type\":\"ImageObject\",\"inLanguage\":\"fr-FR\",\"@id\":\"https:\/\/wfh.org\/fr\/article\/franc-succes-pour-le-sommet-sur-les-soins-integres-2023-de-la-fmh\/#primaryimage\",\"url\":\"https:\/\/wfh.org\/wp-content\/uploads\/2023\/05\/CCS-wrapup-header.jpg\",\"contentUrl\":\"https:\/\/wfh.org\/wp-content\/uploads\/2023\/05\/CCS-wrapup-header.jpg\",\"width\":1200,\"height\":700},{\"@type\":\"WebSite\",\"@id\":\"https:\/\/wfh.org\/fr\/#website\",\"url\":\"https:\/\/wfh.org\/fr\/\",\"name\":\"FMH - F\u00e9d\u00e9ration mondiale de l\u2019h\u00e9mophilie\",\"description\":\"WFH - World Federation of Hemophilia\",\"publisher\":{\"@id\":\"https:\/\/wfh.org\/fr\/#organization\"},\"potentialAction\":[{\"@type\":\"SearchAction\",\"target\":{\"@type\":\"EntryPoint\",\"urlTemplate\":\"https:\/\/wfh.org\/fr\/?s={search_term_string}\"},\"query-input\":{\"@type\":\"PropertyValueSpecification\",\"valueRequired\":true,\"valueName\":\"search_term_string\"}}],\"inLanguage\":\"fr-FR\"},{\"@type\":\"Organization\",\"@id\":\"https:\/\/wfh.org\/fr\/#organization\",\"name\":\"World Federation of Hemophilia\",\"url\":\"https:\/\/wfh.org\/fr\/\",\"logo\":{\"@type\":\"ImageObject\",\"inLanguage\":\"fr-FR\",\"@id\":\"https:\/\/wfh.org\/fr\/#\/schema\/logo\/image\/\",\"url\":\"https:\/\/wfh.org\/wp-content\/uploads\/2021\/10\/WFH-LOGO-ENGLISH.svg\",\"contentUrl\":\"https:\/\/wfh.org\/wp-content\/uploads\/2021\/10\/WFH-LOGO-ENGLISH.svg\",\"width\":210,\"height\":63,\"caption\":\"World Federation of Hemophilia\"},\"image\":{\"@id\":\"https:\/\/wfh.org\/fr\/#\/schema\/logo\/image\/\"},\"sameAs\":[\"https:\/\/www.facebook.com\/wfhemophilia\/\"]},{\"@type\":\"Person\",\"@id\":\"https:\/\/wfh.org\/fr\/#\/schema\/person\/4aea5b13c1966452a640eef39423925b\",\"name\":\"Mitch Semienchuk\",\"sameAs\":[\"analytics\"]}]}<\/script>\n<!-- \/ Yoast SEO Premium plugin. -->","yoast_head_json":{"title":"Franc succ\u00e8s pour le Sommet sur les soins int\u00e9gr\u00e9s 2023 de la FMH | FMH - F\u00e9d\u00e9ration mondiale de l\u2019h\u00e9mophilie","robots":{"index":"index","follow":"follow","max-snippet":"max-snippet:-1","max-image-preview":"max-image-preview:large","max-video-preview":"max-video-preview:-1"},"canonical":"https:\/\/wfh.org\/fr\/article\/franc-succes-pour-le-sommet-sur-les-soins-integres-2023-de-la-fmh\/","og_locale":"fr_FR","og_type":"article","og_title":"Franc succ\u00e8s pour le Sommet sur les soins int\u00e9gr\u00e9s 2023 de la FMH","og_description":"Le Sommet sur les soins int\u00e9gr\u00e9s 2023 de la FMH, \u00ab Nouveaux d\u00e9veloppements en mati\u00e8re de troubles de la coagulation et sant\u00e9 musculosquelettique \u00bb, s\u2019est conclu la semaine derni\u00e8re \u00e0 Buenos Aires, en Argentine. Cet \u00e9v\u00e9nement a regroup\u00e9 le Congr\u00e8s bisannuel international musculosquelettique de la FMH et a regroup\u00e9 des volets musculosquelettique, m\u00e9dical et multidisciplinaire, tous centr\u00e9s sur les personnes atteintes d\u2019un trouble de la coagulation. Plus de 70 pays \u00e9taient repr\u00e9sent\u00e9s, et plus de 700 participant\u00b7es y ont assist\u00e9 en pr\u00e9sentiel : l\u2019\u00e9v\u00e9nement a \u00e9t\u00e9 un franc succ\u00e8s ! Le Sommet a \u00e9t\u00e9 une v\u00e9ritable plateforme de discussion autour des derni\u00e8res avanc\u00e9es et probl\u00e9matiques des soins int\u00e9gr\u00e9s, qui a r\u00e9uni professionnel\u00b7les de sant\u00e9, expert\u00b7es du secteur, patient\u00b7es et familles.","og_url":"https:\/\/wfh.org\/fr\/article\/franc-succes-pour-le-sommet-sur-les-soins-integres-2023-de-la-fmh\/","og_site_name":"FMH - F\u00e9d\u00e9ration mondiale de l\u2019h\u00e9mophilie","article_publisher":"https:\/\/www.facebook.com\/wfhemophilia\/","article_published_time":"2023-05-19T14:43:41+00:00","article_modified_time":"2026-03-12T13:56:22+00:00","og_image":[{"width":1200,"height":700,"url":"https:\/\/wfh.org\/wp-content\/uploads\/2023\/05\/CCS-wrapup-header.jpg","type":"image\/jpeg"}],"author":"Mitch Semienchuk","twitter_card":"summary_large_image","twitter_misc":{"\u00c9crit par":"Mitch Semienchuk","Dur\u00e9e de lecture estim\u00e9e":"2 minutes"},"schema":{"@context":"https:\/\/schema.org","@graph":[{"@type":"Article","@id":"https:\/\/wfh.org\/fr\/article\/franc-succes-pour-le-sommet-sur-les-soins-integres-2023-de-la-fmh\/#article","isPartOf":{"@id":"https:\/\/wfh.org\/fr\/article\/franc-succes-pour-le-sommet-sur-les-soins-integres-2023-de-la-fmh\/"},"author":{"name":"Mitch Semienchuk","@id":"https:\/\/wfh.org\/fr\/#\/schema\/person\/4aea5b13c1966452a640eef39423925b"},"headline":"Franc succ\u00e8s pour le Sommet sur les soins int\u00e9gr\u00e9s 2023 de la FMH","datePublished":"2023-05-19T14:43:41+00:00","dateModified":"2026-03-12T13:56:22+00:00","mainEntityOfPage":{"@id":"https:\/\/wfh.org\/fr\/article\/franc-succes-pour-le-sommet-sur-les-soins-integres-2023-de-la-fmh\/"},"wordCount":416,"publisher":{"@id":"https:\/\/wfh.org\/fr\/#organization"},"image":{"@id":"https:\/\/wfh.org\/fr\/article\/franc-succes-pour-le-sommet-sur-les-soins-integres-2023-de-la-fmh\/#primaryimage"},"thumbnailUrl":"https:\/\/wfh.org\/wp-content\/uploads\/2023\/05\/CCS-wrapup-header.jpg","articleSection":["Events","Featured 2","WFH Comprehensive Care Summit (CCS)","WFH Musculoskeletal (MSK) Congress"],"inLanguage":"fr-FR"},{"@type":"WebPage","@id":"https:\/\/wfh.org\/fr\/article\/franc-succes-pour-le-sommet-sur-les-soins-integres-2023-de-la-fmh\/","url":"https:\/\/wfh.org\/fr\/article\/franc-succes-pour-le-sommet-sur-les-soins-integres-2023-de-la-fmh\/","name":"Franc succ\u00e8s pour le Sommet sur les soins int\u00e9gr\u00e9s 2023 de la FMH | FMH - F\u00e9d\u00e9ration mondiale de l\u2019h\u00e9mophilie","isPartOf":{"@id":"https:\/\/wfh.org\/fr\/#website"},"primaryImageOfPage":{"@id":"https:\/\/wfh.org\/fr\/article\/franc-succes-pour-le-sommet-sur-les-soins-integres-2023-de-la-fmh\/#primaryimage"},"image":{"@id":"https:\/\/wfh.org\/fr\/article\/franc-succes-pour-le-sommet-sur-les-soins-integres-2023-de-la-fmh\/#primaryimage"},"thumbnailUrl":"https:\/\/wfh.org\/wp-content\/uploads\/2023\/05\/CCS-wrapup-header.jpg","datePublished":"2023-05-19T14:43:41+00:00","dateModified":"2026-03-12T13:56:22+00:00","inLanguage":"fr-FR","potentialAction":[{"@type":"ReadAction","target":["https:\/\/wfh.org\/fr\/article\/franc-succes-pour-le-sommet-sur-les-soins-integres-2023-de-la-fmh\/"]}]},{"@type":"ImageObject","inLanguage":"fr-FR","@id":"https:\/\/wfh.org\/fr\/article\/franc-succes-pour-le-sommet-sur-les-soins-integres-2023-de-la-fmh\/#primaryimage","url":"https:\/\/wfh.org\/wp-content\/uploads\/2023\/05\/CCS-wrapup-header.jpg","contentUrl":"https:\/\/wfh.org\/wp-content\/uploads\/2023\/05\/CCS-wrapup-header.jpg","width":1200,"height":700},{"@type":"WebSite","@id":"https:\/\/wfh.org\/fr\/#website","url":"https:\/\/wfh.org\/fr\/","name":"FMH - F\u00e9d\u00e9ration mondiale de l\u2019h\u00e9mophilie","description":"WFH - World Federation of Hemophilia","publisher":{"@id":"https:\/\/wfh.org\/fr\/#organization"},"potentialAction":[{"@type":"SearchAction","target":{"@type":"EntryPoint","urlTemplate":"https:\/\/wfh.org\/fr\/?s={search_term_string}"},"query-input":{"@type":"PropertyValueSpecification","valueRequired":true,"valueName":"search_term_string"}}],"inLanguage":"fr-FR"},{"@type":"Organization","@id":"https:\/\/wfh.org\/fr\/#organization","name":"World Federation of Hemophilia","url":"https:\/\/wfh.org\/fr\/","logo":{"@type":"ImageObject","inLanguage":"fr-FR","@id":"https:\/\/wfh.org\/fr\/#\/schema\/logo\/image\/","url":"https:\/\/wfh.org\/wp-content\/uploads\/2021\/10\/WFH-LOGO-ENGLISH.svg","contentUrl":"https:\/\/wfh.org\/wp-content\/uploads\/2021\/10\/WFH-LOGO-ENGLISH.svg","width":210,"height":63,"caption":"World Federation of Hemophilia"},"image":{"@id":"https:\/\/wfh.org\/fr\/#\/schema\/logo\/image\/"},"sameAs":["https:\/\/www.facebook.com\/wfhemophilia\/"]},{"@type":"Person","@id":"https:\/\/wfh.org\/fr\/#\/schema\/person\/4aea5b13c1966452a640eef39423925b","name":"Mitch Semienchuk","sameAs":["analytics"]}]}},"_links":{"self":[{"href":"https:\/\/wfh.org\/fr\/wp-json\/wp\/v2\/posts\/71620","targetHints":{"allow":["GET"]}}],"collection":[{"href":"https:\/\/wfh.org\/fr\/wp-json\/wp\/v2\/posts"}],"about":[{"href":"https:\/\/wfh.org\/fr\/wp-json\/wp\/v2\/types\/post"}],"author":[{"embeddable":true,"href":"https:\/\/wfh.org\/fr\/wp-json\/wp\/v2\/users\/13"}],"replies":[{"embeddable":true,"href":"https:\/\/wfh.org\/fr\/wp-json\/wp\/v2\/comments?post=71620"}],"version-history":[{"count":2,"href":"https:\/\/wfh.org\/fr\/wp-json\/wp\/v2\/posts\/71620\/revisions"}],"predecessor-version":[{"id":173256,"href":"https:\/\/wfh.org\/fr\/wp-json\/wp\/v2\/posts\/71620\/revisions\/173256"}],"wp:featuredmedia":[{"embeddable":true,"href":"https:\/\/wfh.org\/fr\/wp-json\/wp\/v2\/media\/71290"}],"wp:attachment":[{"href":"https:\/\/wfh.org\/fr\/wp-json\/wp\/v2\/media?parent=71620"}],"wp:term":[{"taxonomy":"category","embeddable":true,"href":"https:\/\/wfh.org\/fr\/wp-json\/wp\/v2\/categories?post=71620"},{"taxonomy":"post_tag","embeddable":true,"href":"https:\/\/wfh.org\/fr\/wp-json\/wp\/v2\/tags?post=71620"},{"taxonomy":"search-category","embeddable":true,"href":"https:\/\/wfh.org\/fr\/wp-json\/wp\/v2\/search-category?post=71620"}],"curies":[{"name":"wp","href":"https:\/\/api.w.org\/{rel}","templated":true}]}}