{"id":64347,"date":"2023-03-29T09:32:22","date_gmt":"2023-03-29T13:32:22","guid":{"rendered":"https:\/\/wfh.org\/article\/david-silva-coopte-au-conseil-dadministration-de-la-fmh\/"},"modified":"2023-04-13T10:03:35","modified_gmt":"2023-04-13T14:03:35","slug":"david-silva-coopte-au-conseil-dadministration-de-la-fmh","status":"publish","type":"post","link":"https:\/\/wfh.org\/fr\/article\/david-silva-coopte-au-conseil-dadministration-de-la-fmh\/","title":{"rendered":"David Silva coopt\u00e9 au conseil d\u2019administration de la FMH"},"content":{"rendered":"\t\t<div data-elementor-type=\"wp-post\" data-elementor-id=\"64347\" class=\"elementor elementor-64347 elementor-63972\" data-elementor-post-type=\"post\">\n\t\t\t\t\t\t<section class=\"elementor-section elementor-top-section elementor-element elementor-element-8fdd408 elementor-section-boxed elementor-section-height-default elementor-section-height-default\" data-id=\"8fdd408\" data-element_type=\"section\" data-e-type=\"section\">\n\t\t\t\t\t\t<div class=\"elementor-container elementor-column-gap-default\">\n\t\t\t\t\t<div class=\"elementor-column elementor-col-100 elementor-top-column elementor-element elementor-element-6b506c5\" data-id=\"6b506c5\" data-element_type=\"column\" data-e-type=\"column\">\n\t\t\t<div class=\"elementor-widget-wrap elementor-element-populated\">\n\t\t\t\t\t\t<div class=\"elementor-element elementor-element-29fabb9 elementor-widget elementor-widget-text-editor\" data-id=\"29fabb9\" data-element_type=\"widget\" data-e-type=\"widget\" data-widget_type=\"text-editor.default\">\n\t\t\t\t<div class=\"elementor-widget-container\">\n\t\t\t\t\t\t\t\t\t<p>David Silva, qui est atteint d\u2019h\u00e9mophilie A, est actif au sein de la communaut\u00e9 espagnole des troubles de la coagulation depuis plus de 25 ans. Il est membre du comit\u00e9 directeur de l\u2019organisation nationale membre (ONM) espagnole, la Federaci\u00f3n Espa\u00f1ola de Hemofilia, et a \u00e9galement \u00e9t\u00e9 membre profane du comit\u00e9 ex\u00e9cutif de la FMH pendant cinq ans. Il est actuellement pr\u00e9sident de la Real Fundaci\u00f3n Victoria Eugenia, une organisation qui promeut et diffuse la recherche scientifique en mati\u00e8re d\u2019h\u00e9mophilie et de maladies associ\u00e9es.<\/p>\n<p>La carri\u00e8re professionnelle de M. Silva compte plus de 15 ans dans diverses organisations \u00e0 but non lucratif, et plusieurs postes de direction au sein d\u2019une organisation d\u00e9di\u00e9e aux personnes en situation de handicap en Galice. Il travaille actuellement dans l\u2019enseignement professionnel et la formation de jeunes \u00e9l\u00e8ves dans un centre \u00e9ducatif en Espagne.<\/p>\n<p>La pr\u00e9cieuse exp\u00e9rience de David Silva en tant que membre profane sera un atout pour la FMH. Joignez-vous \u00e0 nous pour lui souhaiter la bienvenue au sein du conseil d\u2019administration.<\/p>\n\t\t\t\t\t\t\t\t<\/div>\n\t\t\t\t<\/div>\n\t\t\t\t\t<\/div>\n\t\t<\/div>\n\t\t\t\t\t<\/div>\n\t\t<\/section>\n\t\t\t\t<\/div>\n\t\t","protected":false},"excerpt":{"rendered":"<p>La F\u00e9d\u00e9ration mondiale de l\u2019h\u00e9mophilie (FMH) a le plaisir d\u2019annoncer que David Silva a \u00e9t\u00e9 coopt\u00e9 au sein de son conseil d\u2019administration, en tant que membre profane, pour un mandat courant du 17 mars 2023 jusqu\u2019\u00e0 l\u2019assembl\u00e9e g\u00e9n\u00e9rale annuelle 2024.<\/p>\n","protected":false},"author":13,"featured_media":63981,"comment_status":"closed","ping_status":"closed","sticky":false,"template":"","format":"standard","meta":{"inline_featured_image":false,"footnotes":""},"categories":[171,338],"tags":[],"search-category":[85],"class_list":["post-64347","post","type-post","status-publish","format-standard","has-post-thumbnail","hentry","category-actualites-de-la-fmh","category-featured-3-fr","search-category-article"],"yoast_head":"<!-- This site is optimized with the Yoast SEO Premium plugin v27.2 (Yoast SEO v27.2) - https:\/\/yoast.com\/product\/yoast-seo-premium-wordpress\/ -->\n<title>David Silva coopt\u00e9 au conseil d\u2019administration de la FMH | FMH - F\u00e9d\u00e9ration mondiale de l\u2019h\u00e9mophilie<\/title>\n<meta name=\"robots\" content=\"index, follow, max-snippet:-1, max-image-preview:large, max-video-preview:-1\" \/>\n<link rel=\"canonical\" href=\"https:\/\/wfh.org\/fr\/article\/david-silva-coopte-au-conseil-dadministration-de-la-fmh\/\" \/>\n<meta property=\"og:locale\" content=\"fr_FR\" \/>\n<meta property=\"og:type\" content=\"article\" \/>\n<meta property=\"og:title\" content=\"David Silva coopt\u00e9 au conseil d\u2019administration de la FMH\" \/>\n<meta property=\"og:description\" content=\"La F\u00e9d\u00e9ration mondiale de l\u2019h\u00e9mophilie (FMH) a le plaisir d\u2019annoncer que David Silva a \u00e9t\u00e9 coopt\u00e9 au sein de son conseil d\u2019administration, en tant que membre profane, pour un mandat courant du 17 mars 2023 jusqu\u2019\u00e0 l\u2019assembl\u00e9e g\u00e9n\u00e9rale annuelle 2024.\" \/>\n<meta property=\"og:url\" content=\"https:\/\/wfh.org\/fr\/article\/david-silva-coopte-au-conseil-dadministration-de-la-fmh\/\" \/>\n<meta property=\"og:site_name\" content=\"FMH - F\u00e9d\u00e9ration mondiale de l\u2019h\u00e9mophilie\" \/>\n<meta property=\"article:publisher\" content=\"https:\/\/www.facebook.com\/wfhemophilia\/\" \/>\n<meta property=\"article:published_time\" content=\"2023-03-29T13:32:22+00:00\" \/>\n<meta property=\"article:modified_time\" content=\"2023-04-13T14:03:35+00:00\" \/>\n<meta property=\"og:image\" content=\"https:\/\/wfh.org\/wp-content\/uploads\/2023\/03\/David-Silva-FR.jpg\" \/>\n\t<meta property=\"og:image:width\" content=\"1200\" \/>\n\t<meta property=\"og:image:height\" content=\"627\" \/>\n\t<meta property=\"og:image:type\" content=\"image\/jpeg\" \/>\n<meta name=\"author\" content=\"Mitch Semienchuk\" \/>\n<meta name=\"twitter:card\" content=\"summary_large_image\" \/>\n<meta name=\"twitter:label1\" content=\"\u00c9crit par\" \/>\n\t<meta name=\"twitter:data1\" content=\"Mitch Semienchuk\" \/>\n\t<meta name=\"twitter:label2\" content=\"Dur\u00e9e de lecture estim\u00e9e\" \/>\n\t<meta name=\"twitter:data2\" content=\"1 minute\" \/>\n<script type=\"application\/ld+json\" class=\"yoast-schema-graph\">{\"@context\":\"https:\/\/schema.org\",\"@graph\":[{\"@type\":\"Article\",\"@id\":\"https:\/\/wfh.org\/fr\/article\/david-silva-coopte-au-conseil-dadministration-de-la-fmh\/#article\",\"isPartOf\":{\"@id\":\"https:\/\/wfh.org\/fr\/article\/david-silva-coopte-au-conseil-dadministration-de-la-fmh\/\"},\"author\":{\"name\":\"Mitch Semienchuk\",\"@id\":\"https:\/\/wfh.org\/fr\/#\/schema\/person\/4aea5b13c1966452a640eef39423925b\"},\"headline\":\"David Silva coopt\u00e9 au conseil d\u2019administration de la FMH\",\"datePublished\":\"2023-03-29T13:32:22+00:00\",\"dateModified\":\"2023-04-13T14:03:35+00:00\",\"mainEntityOfPage\":{\"@id\":\"https:\/\/wfh.org\/fr\/article\/david-silva-coopte-au-conseil-dadministration-de-la-fmh\/\"},\"wordCount\":194,\"publisher\":{\"@id\":\"https:\/\/wfh.org\/fr\/#organization\"},\"image\":{\"@id\":\"https:\/\/wfh.org\/fr\/article\/david-silva-coopte-au-conseil-dadministration-de-la-fmh\/#primaryimage\"},\"thumbnailUrl\":\"https:\/\/wfh.org\/wp-content\/uploads\/2023\/03\/David-Silva-FR.jpg\",\"articleSection\":[\"Actualit\u00e9s de la FMH\",\"Featured 3 - FR\"],\"inLanguage\":\"fr-FR\"},{\"@type\":\"WebPage\",\"@id\":\"https:\/\/wfh.org\/fr\/article\/david-silva-coopte-au-conseil-dadministration-de-la-fmh\/\",\"url\":\"https:\/\/wfh.org\/fr\/article\/david-silva-coopte-au-conseil-dadministration-de-la-fmh\/\",\"name\":\"David Silva coopt\u00e9 au conseil d\u2019administration de la FMH | FMH - F\u00e9d\u00e9ration mondiale de l\u2019h\u00e9mophilie\",\"isPartOf\":{\"@id\":\"https:\/\/wfh.org\/fr\/#website\"},\"primaryImageOfPage\":{\"@id\":\"https:\/\/wfh.org\/fr\/article\/david-silva-coopte-au-conseil-dadministration-de-la-fmh\/#primaryimage\"},\"image\":{\"@id\":\"https:\/\/wfh.org\/fr\/article\/david-silva-coopte-au-conseil-dadministration-de-la-fmh\/#primaryimage\"},\"thumbnailUrl\":\"https:\/\/wfh.org\/wp-content\/uploads\/2023\/03\/David-Silva-FR.jpg\",\"datePublished\":\"2023-03-29T13:32:22+00:00\",\"dateModified\":\"2023-04-13T14:03:35+00:00\",\"inLanguage\":\"fr-FR\",\"potentialAction\":[{\"@type\":\"ReadAction\",\"target\":[\"https:\/\/wfh.org\/fr\/article\/david-silva-coopte-au-conseil-dadministration-de-la-fmh\/\"]}]},{\"@type\":\"ImageObject\",\"inLanguage\":\"fr-FR\",\"@id\":\"https:\/\/wfh.org\/fr\/article\/david-silva-coopte-au-conseil-dadministration-de-la-fmh\/#primaryimage\",\"url\":\"https:\/\/wfh.org\/wp-content\/uploads\/2023\/03\/David-Silva-FR.jpg\",\"contentUrl\":\"https:\/\/wfh.org\/wp-content\/uploads\/2023\/03\/David-Silva-FR.jpg\",\"width\":1200,\"height\":627},{\"@type\":\"WebSite\",\"@id\":\"https:\/\/wfh.org\/fr\/#website\",\"url\":\"https:\/\/wfh.org\/fr\/\",\"name\":\"FMH - F\u00e9d\u00e9ration mondiale de l\u2019h\u00e9mophilie\",\"description\":\"WFH - World Federation of Hemophilia\",\"publisher\":{\"@id\":\"https:\/\/wfh.org\/fr\/#organization\"},\"potentialAction\":[{\"@type\":\"SearchAction\",\"target\":{\"@type\":\"EntryPoint\",\"urlTemplate\":\"https:\/\/wfh.org\/fr\/?s={search_term_string}\"},\"query-input\":{\"@type\":\"PropertyValueSpecification\",\"valueRequired\":true,\"valueName\":\"search_term_string\"}}],\"inLanguage\":\"fr-FR\"},{\"@type\":\"Organization\",\"@id\":\"https:\/\/wfh.org\/fr\/#organization\",\"name\":\"World Federation of Hemophilia\",\"url\":\"https:\/\/wfh.org\/fr\/\",\"logo\":{\"@type\":\"ImageObject\",\"inLanguage\":\"fr-FR\",\"@id\":\"https:\/\/wfh.org\/fr\/#\/schema\/logo\/image\/\",\"url\":\"https:\/\/wfh.org\/wp-content\/uploads\/2021\/10\/WFH-LOGO-ENGLISH.svg\",\"contentUrl\":\"https:\/\/wfh.org\/wp-content\/uploads\/2021\/10\/WFH-LOGO-ENGLISH.svg\",\"width\":210,\"height\":63,\"caption\":\"World Federation of Hemophilia\"},\"image\":{\"@id\":\"https:\/\/wfh.org\/fr\/#\/schema\/logo\/image\/\"},\"sameAs\":[\"https:\/\/www.facebook.com\/wfhemophilia\/\"]},{\"@type\":\"Person\",\"@id\":\"https:\/\/wfh.org\/fr\/#\/schema\/person\/4aea5b13c1966452a640eef39423925b\",\"name\":\"Mitch Semienchuk\",\"sameAs\":[\"analytics\"]}]}<\/script>\n<!-- \/ Yoast SEO Premium plugin. -->","yoast_head_json":{"title":"David Silva coopt\u00e9 au conseil d\u2019administration de la FMH | FMH - F\u00e9d\u00e9ration mondiale de l\u2019h\u00e9mophilie","robots":{"index":"index","follow":"follow","max-snippet":"max-snippet:-1","max-image-preview":"max-image-preview:large","max-video-preview":"max-video-preview:-1"},"canonical":"https:\/\/wfh.org\/fr\/article\/david-silva-coopte-au-conseil-dadministration-de-la-fmh\/","og_locale":"fr_FR","og_type":"article","og_title":"David Silva coopt\u00e9 au conseil d\u2019administration de la FMH","og_description":"La F\u00e9d\u00e9ration mondiale de l\u2019h\u00e9mophilie (FMH) a le plaisir d\u2019annoncer que David Silva a \u00e9t\u00e9 coopt\u00e9 au sein de son conseil d\u2019administration, en tant que membre profane, pour un mandat courant du 17 mars 2023 jusqu\u2019\u00e0 l\u2019assembl\u00e9e g\u00e9n\u00e9rale annuelle 2024.","og_url":"https:\/\/wfh.org\/fr\/article\/david-silva-coopte-au-conseil-dadministration-de-la-fmh\/","og_site_name":"FMH - F\u00e9d\u00e9ration mondiale de l\u2019h\u00e9mophilie","article_publisher":"https:\/\/www.facebook.com\/wfhemophilia\/","article_published_time":"2023-03-29T13:32:22+00:00","article_modified_time":"2023-04-13T14:03:35+00:00","og_image":[{"width":1200,"height":627,"url":"https:\/\/wfh.org\/wp-content\/uploads\/2023\/03\/David-Silva-FR.jpg","type":"image\/jpeg"}],"author":"Mitch Semienchuk","twitter_card":"summary_large_image","twitter_misc":{"\u00c9crit par":"Mitch Semienchuk","Dur\u00e9e de lecture estim\u00e9e":"1 minute"},"schema":{"@context":"https:\/\/schema.org","@graph":[{"@type":"Article","@id":"https:\/\/wfh.org\/fr\/article\/david-silva-coopte-au-conseil-dadministration-de-la-fmh\/#article","isPartOf":{"@id":"https:\/\/wfh.org\/fr\/article\/david-silva-coopte-au-conseil-dadministration-de-la-fmh\/"},"author":{"name":"Mitch Semienchuk","@id":"https:\/\/wfh.org\/fr\/#\/schema\/person\/4aea5b13c1966452a640eef39423925b"},"headline":"David Silva coopt\u00e9 au conseil d\u2019administration de la FMH","datePublished":"2023-03-29T13:32:22+00:00","dateModified":"2023-04-13T14:03:35+00:00","mainEntityOfPage":{"@id":"https:\/\/wfh.org\/fr\/article\/david-silva-coopte-au-conseil-dadministration-de-la-fmh\/"},"wordCount":194,"publisher":{"@id":"https:\/\/wfh.org\/fr\/#organization"},"image":{"@id":"https:\/\/wfh.org\/fr\/article\/david-silva-coopte-au-conseil-dadministration-de-la-fmh\/#primaryimage"},"thumbnailUrl":"https:\/\/wfh.org\/wp-content\/uploads\/2023\/03\/David-Silva-FR.jpg","articleSection":["Actualit\u00e9s de la FMH","Featured 3 - FR"],"inLanguage":"fr-FR"},{"@type":"WebPage","@id":"https:\/\/wfh.org\/fr\/article\/david-silva-coopte-au-conseil-dadministration-de-la-fmh\/","url":"https:\/\/wfh.org\/fr\/article\/david-silva-coopte-au-conseil-dadministration-de-la-fmh\/","name":"David Silva coopt\u00e9 au conseil d\u2019administration de la FMH | FMH - F\u00e9d\u00e9ration mondiale de l\u2019h\u00e9mophilie","isPartOf":{"@id":"https:\/\/wfh.org\/fr\/#website"},"primaryImageOfPage":{"@id":"https:\/\/wfh.org\/fr\/article\/david-silva-coopte-au-conseil-dadministration-de-la-fmh\/#primaryimage"},"image":{"@id":"https:\/\/wfh.org\/fr\/article\/david-silva-coopte-au-conseil-dadministration-de-la-fmh\/#primaryimage"},"thumbnailUrl":"https:\/\/wfh.org\/wp-content\/uploads\/2023\/03\/David-Silva-FR.jpg","datePublished":"2023-03-29T13:32:22+00:00","dateModified":"2023-04-13T14:03:35+00:00","inLanguage":"fr-FR","potentialAction":[{"@type":"ReadAction","target":["https:\/\/wfh.org\/fr\/article\/david-silva-coopte-au-conseil-dadministration-de-la-fmh\/"]}]},{"@type":"ImageObject","inLanguage":"fr-FR","@id":"https:\/\/wfh.org\/fr\/article\/david-silva-coopte-au-conseil-dadministration-de-la-fmh\/#primaryimage","url":"https:\/\/wfh.org\/wp-content\/uploads\/2023\/03\/David-Silva-FR.jpg","contentUrl":"https:\/\/wfh.org\/wp-content\/uploads\/2023\/03\/David-Silva-FR.jpg","width":1200,"height":627},{"@type":"WebSite","@id":"https:\/\/wfh.org\/fr\/#website","url":"https:\/\/wfh.org\/fr\/","name":"FMH - F\u00e9d\u00e9ration mondiale de l\u2019h\u00e9mophilie","description":"WFH - World Federation of Hemophilia","publisher":{"@id":"https:\/\/wfh.org\/fr\/#organization"},"potentialAction":[{"@type":"SearchAction","target":{"@type":"EntryPoint","urlTemplate":"https:\/\/wfh.org\/fr\/?s={search_term_string}"},"query-input":{"@type":"PropertyValueSpecification","valueRequired":true,"valueName":"search_term_string"}}],"inLanguage":"fr-FR"},{"@type":"Organization","@id":"https:\/\/wfh.org\/fr\/#organization","name":"World Federation of Hemophilia","url":"https:\/\/wfh.org\/fr\/","logo":{"@type":"ImageObject","inLanguage":"fr-FR","@id":"https:\/\/wfh.org\/fr\/#\/schema\/logo\/image\/","url":"https:\/\/wfh.org\/wp-content\/uploads\/2021\/10\/WFH-LOGO-ENGLISH.svg","contentUrl":"https:\/\/wfh.org\/wp-content\/uploads\/2021\/10\/WFH-LOGO-ENGLISH.svg","width":210,"height":63,"caption":"World Federation of Hemophilia"},"image":{"@id":"https:\/\/wfh.org\/fr\/#\/schema\/logo\/image\/"},"sameAs":["https:\/\/www.facebook.com\/wfhemophilia\/"]},{"@type":"Person","@id":"https:\/\/wfh.org\/fr\/#\/schema\/person\/4aea5b13c1966452a640eef39423925b","name":"Mitch Semienchuk","sameAs":["analytics"]}]}},"_links":{"self":[{"href":"https:\/\/wfh.org\/fr\/wp-json\/wp\/v2\/posts\/64347","targetHints":{"allow":["GET"]}}],"collection":[{"href":"https:\/\/wfh.org\/fr\/wp-json\/wp\/v2\/posts"}],"about":[{"href":"https:\/\/wfh.org\/fr\/wp-json\/wp\/v2\/types\/post"}],"author":[{"embeddable":true,"href":"https:\/\/wfh.org\/fr\/wp-json\/wp\/v2\/users\/13"}],"replies":[{"embeddable":true,"href":"https:\/\/wfh.org\/fr\/wp-json\/wp\/v2\/comments?post=64347"}],"version-history":[{"count":0,"href":"https:\/\/wfh.org\/fr\/wp-json\/wp\/v2\/posts\/64347\/revisions"}],"wp:featuredmedia":[{"embeddable":true,"href":"https:\/\/wfh.org\/fr\/wp-json\/wp\/v2\/media\/63981"}],"wp:attachment":[{"href":"https:\/\/wfh.org\/fr\/wp-json\/wp\/v2\/media?parent=64347"}],"wp:term":[{"taxonomy":"category","embeddable":true,"href":"https:\/\/wfh.org\/fr\/wp-json\/wp\/v2\/categories?post=64347"},{"taxonomy":"post_tag","embeddable":true,"href":"https:\/\/wfh.org\/fr\/wp-json\/wp\/v2\/tags?post=64347"},{"taxonomy":"search-category","embeddable":true,"href":"https:\/\/wfh.org\/fr\/wp-json\/wp\/v2\/search-category?post=64347"}],"curies":[{"name":"wp","href":"https:\/\/api.w.org\/{rel}","templated":true}]}}