{"id":26521,"date":"2022-01-03T09:00:00","date_gmt":"2022-01-03T14:00:00","guid":{"rendered":"https:\/\/wfh.org\/la-fmh-endeuillee-par-le-deces-de-val-bias-ancien-president-et-directeur-de-la-nhf\/"},"modified":"2024-04-15T08:40:47","modified_gmt":"2024-04-15T12:40:47","slug":"la-fmh-endeuillee-par-le-deces-de-val-bias-ancien-president-et-directeur-de-la-nhf","status":"publish","type":"post","link":"https:\/\/wfh.org\/fr\/article\/la-fmh-endeuillee-par-le-deces-de-val-bias-ancien-president-et-directeur-de-la-nhf\/","title":{"rendered":"La FMH endeuill\u00e9e par le d\u00e9c\u00e8s de Val Bias, ancien pr\u00e9sident et directeur de la NHF"},"content":{"rendered":"\t\t<div data-elementor-type=\"wp-post\" data-elementor-id=\"26521\" class=\"elementor elementor-26521 elementor-16643\" data-elementor-post-type=\"post\">\n\t\t\t\t\t\t<section class=\"elementor-section elementor-top-section elementor-element elementor-element-c0c979b elementor-section-boxed elementor-section-height-default elementor-section-height-default\" data-id=\"c0c979b\" data-element_type=\"section\" data-e-type=\"section\">\n\t\t\t\t\t\t<div class=\"elementor-container elementor-column-gap-default\">\n\t\t\t\t\t<div class=\"elementor-column elementor-col-100 elementor-top-column elementor-element elementor-element-46051d2\" data-id=\"46051d2\" data-element_type=\"column\" data-e-type=\"column\">\n\t\t\t<div class=\"elementor-widget-wrap elementor-element-populated\">\n\t\t\t\t\t\t<div class=\"elementor-element elementor-element-01c936e elementor-widget elementor-widget-text-editor\" data-id=\"01c936e\" data-element_type=\"widget\" data-e-type=\"widget\" data-widget_type=\"text-editor.default\">\n\t\t\t\t<div class=\"elementor-widget-container\">\n\t\t\t\t\t\t\t\t\t<p>C\u2019est avec une profonde tristesse que la FMH a appris le r\u00e9cent d\u00e9c\u00e8s de Val Bias, ancien pr\u00e9sident-directeur g\u00e9n\u00e9ral de la National Hemophilia Foundation (NHF), et pilier de la communaut\u00e9 des troubles de la coagulation. M. Bias avait pr\u00e9sid\u00e9 la NHF de 2008 \u00e0 2019, et en avait auparavant \u00e9t\u00e9 pr\u00e9sident du conseil d\u2019administration pendant deux ans. Il a jou\u00e9 un r\u00f4le essentiel au sein de nombreuses organisations des troubles de la coagulation du monde entier, notamment la F\u00e9d\u00e9ration mondiale de l\u2019h\u00e9mophilie (FMH), o\u00f9 il \u00e9tait un soutien pr\u00e9cieux pour le Programme de jumelage, et dont il a co-pr\u00e9sid\u00e9 le Congr\u00e8s mondial d\u2019Orlando, en 2016. Il nous a quitt\u00e9s le 30 d\u00e9cembre 2021.<\/p>\n<p>Val Bias a ouvert pour la NHF une \u00e9poque d\u2019\u00e9largissement de son impact, d\u2019\u00e9laboration de programmes et de collaboration avec d\u2019autres organisations telles que la FMH. Au niveau gouvernemental, il a travaill\u00e9 \u00e0 la mise en place de cadres de r\u00e9glementation aux \u00c9tats-Unis, pour faire en sorte que des trag\u00e9dies comme l\u2019affaire du sang contamin\u00e9 au VIH ne se reproduiraient pas.<\/p>\n<p>Au nom de toute la communaut\u00e9 mondiale des troubles de la coagulation, la FMH tient \u00e0 adresser ses plus sinc\u00e8res condol\u00e9ances \u00e0 toute la famille de Val Bias, ainsi qu\u2019\u00e0 ses ami\u00b7es et coll\u00e8gues.<\/p>\n<p>Cliquez\u00a0<a href=\"https:\/\/wfh.org\/fr\/article\/les-dirigeants-de-la-fmh-rendent-hommage-a-val-bias\/\" target=\"_blank\" rel=\"noopener noreferrer\">ici<\/a>\u00a0pour lire les t\u00e9moignages des dirigeants de la FMH, et\u00a0<a href=\"https:\/\/wfh.org\/fr\/article\/glenn-pierce-le-vice-president-de-la-fmh-en-charge-des-affaires-medicales-rend-hommage-a-val-bias\/\" target=\"_blank\" rel=\"noopener noreferrer\">ici<\/a>\u00a0pour lire l\u2019hommage de Glenn Pierce.\u00a0Pour lire le communiqu\u00e9 de la NHF,\u00a0<a href=\"https:\/\/www.hemophilia.org\/news\/national-hemophilia-foundation-mourns-the-loss-of-longtime-ceo-val-bias\" target=\"_blank\" rel=\"noopener noreferrer\">cliquez ici<\/a>.<\/p>\n\t\t\t\t\t\t\t\t<\/div>\n\t\t\t\t<\/div>\n\t\t\t\t\t<\/div>\n\t\t<\/div>\n\t\t\t\t\t<\/div>\n\t\t<\/section>\n\t\t\t\t<\/div>\n\t\t","protected":false},"excerpt":{"rendered":"<p>C\u2019est avec une profonde tristesse que la FMH a appris le r\u00e9cent d\u00e9c\u00e8s de Val Bias, ancien pr\u00e9sident-directeur g\u00e9n\u00e9ral de la National Hemophilia Foundation (NHF), et pilier de la communaut\u00e9 des troubles de la coagulation.<\/p>\n","protected":false},"author":3,"featured_media":16646,"comment_status":"closed","ping_status":"closed","sticky":false,"template":"","format":"standard","meta":{"inline_featured_image":false,"footnotes":""},"categories":[69],"tags":[],"search-category":[],"class_list":["post-26521","post","type-post","status-publish","format-standard","has-post-thumbnail","hentry","category-plaidoyer"],"yoast_head":"<!-- This site is optimized with the Yoast SEO Premium plugin v27.2 (Yoast SEO v27.2) - https:\/\/yoast.com\/product\/yoast-seo-premium-wordpress\/ -->\n<title>La FMH endeuill\u00e9e par le d\u00e9c\u00e8s de Val Bias, ancien pr\u00e9sident et directeur de la NHF | FMH - F\u00e9d\u00e9ration mondiale de l\u2019h\u00e9mophilie<\/title>\n<meta name=\"robots\" content=\"index, follow, max-snippet:-1, max-image-preview:large, max-video-preview:-1\" \/>\n<link rel=\"canonical\" href=\"https:\/\/wfh.org\/fr\/article\/la-fmh-endeuillee-par-le-deces-de-val-bias-ancien-president-et-directeur-de-la-nhf\/\" \/>\n<meta property=\"og:locale\" content=\"fr_FR\" \/>\n<meta property=\"og:type\" content=\"article\" \/>\n<meta property=\"og:title\" content=\"La FMH endeuill\u00e9e par le d\u00e9c\u00e8s de Val Bias, ancien pr\u00e9sident et directeur de la NHF\" \/>\n<meta property=\"og:description\" content=\"C\u2019est avec une profonde tristesse que la FMH a appris le r\u00e9cent d\u00e9c\u00e8s de Val Bias, ancien pr\u00e9sident-directeur g\u00e9n\u00e9ral de la National Hemophilia Foundation (NHF), et pilier de la communaut\u00e9 des troubles de la coagulation.\" \/>\n<meta property=\"og:url\" content=\"https:\/\/wfh.org\/fr\/article\/la-fmh-endeuillee-par-le-deces-de-val-bias-ancien-president-et-directeur-de-la-nhf\/\" \/>\n<meta property=\"og:site_name\" content=\"FMH - F\u00e9d\u00e9ration mondiale de l\u2019h\u00e9mophilie\" \/>\n<meta property=\"article:publisher\" content=\"https:\/\/www.facebook.com\/wfhemophilia\/\" \/>\n<meta property=\"article:published_time\" content=\"2022-01-03T14:00:00+00:00\" \/>\n<meta property=\"article:modified_time\" content=\"2024-04-15T12:40:47+00:00\" \/>\n<meta property=\"og:image\" content=\"https:\/\/wfh.org\/wp-content\/uploads\/2022\/01\/Val-Bias-header.jpg\" \/>\n\t<meta property=\"og:image:width\" content=\"640\" \/>\n\t<meta property=\"og:image:height\" content=\"400\" \/>\n\t<meta property=\"og:image:type\" content=\"image\/jpeg\" \/>\n<meta name=\"author\" content=\"Electra Rozakis\" \/>\n<meta name=\"twitter:card\" content=\"summary_large_image\" \/>\n<meta name=\"twitter:label1\" content=\"\u00c9crit par\" \/>\n\t<meta name=\"twitter:data1\" content=\"Electra Rozakis\" \/>\n\t<meta name=\"twitter:label2\" content=\"Dur\u00e9e de lecture estim\u00e9e\" \/>\n\t<meta name=\"twitter:data2\" content=\"1 minute\" \/>\n<script type=\"application\/ld+json\" class=\"yoast-schema-graph\">{\"@context\":\"https:\/\/schema.org\",\"@graph\":[{\"@type\":\"Article\",\"@id\":\"https:\/\/wfh.org\/fr\/article\/la-fmh-endeuillee-par-le-deces-de-val-bias-ancien-president-et-directeur-de-la-nhf\/#article\",\"isPartOf\":{\"@id\":\"https:\/\/wfh.org\/fr\/article\/la-fmh-endeuillee-par-le-deces-de-val-bias-ancien-president-et-directeur-de-la-nhf\/\"},\"author\":{\"name\":\"Electra Rozakis\",\"@id\":\"https:\/\/wfh.org\/fr\/#\/schema\/person\/622f4b0ed56b8e4a987dd20bef774887\"},\"headline\":\"La FMH endeuill\u00e9e par le d\u00e9c\u00e8s de Val Bias, ancien pr\u00e9sident et directeur de la NHF\",\"datePublished\":\"2022-01-03T14:00:00+00:00\",\"dateModified\":\"2024-04-15T12:40:47+00:00\",\"mainEntityOfPage\":{\"@id\":\"https:\/\/wfh.org\/fr\/article\/la-fmh-endeuillee-par-le-deces-de-val-bias-ancien-president-et-directeur-de-la-nhf\/\"},\"wordCount\":280,\"publisher\":{\"@id\":\"https:\/\/wfh.org\/fr\/#organization\"},\"image\":{\"@id\":\"https:\/\/wfh.org\/fr\/article\/la-fmh-endeuillee-par-le-deces-de-val-bias-ancien-president-et-directeur-de-la-nhf\/#primaryimage\"},\"thumbnailUrl\":\"https:\/\/wfh.org\/wp-content\/uploads\/2022\/01\/Val-Bias-header.jpg\",\"articleSection\":[\"Plaidoyer\"],\"inLanguage\":\"fr-FR\"},{\"@type\":\"WebPage\",\"@id\":\"https:\/\/wfh.org\/fr\/article\/la-fmh-endeuillee-par-le-deces-de-val-bias-ancien-president-et-directeur-de-la-nhf\/\",\"url\":\"https:\/\/wfh.org\/fr\/article\/la-fmh-endeuillee-par-le-deces-de-val-bias-ancien-president-et-directeur-de-la-nhf\/\",\"name\":\"La FMH endeuill\u00e9e par le d\u00e9c\u00e8s de Val Bias, ancien pr\u00e9sident et directeur de la NHF | FMH - F\u00e9d\u00e9ration mondiale de l\u2019h\u00e9mophilie\",\"isPartOf\":{\"@id\":\"https:\/\/wfh.org\/fr\/#website\"},\"primaryImageOfPage\":{\"@id\":\"https:\/\/wfh.org\/fr\/article\/la-fmh-endeuillee-par-le-deces-de-val-bias-ancien-president-et-directeur-de-la-nhf\/#primaryimage\"},\"image\":{\"@id\":\"https:\/\/wfh.org\/fr\/article\/la-fmh-endeuillee-par-le-deces-de-val-bias-ancien-president-et-directeur-de-la-nhf\/#primaryimage\"},\"thumbnailUrl\":\"https:\/\/wfh.org\/wp-content\/uploads\/2022\/01\/Val-Bias-header.jpg\",\"datePublished\":\"2022-01-03T14:00:00+00:00\",\"dateModified\":\"2024-04-15T12:40:47+00:00\",\"inLanguage\":\"fr-FR\",\"potentialAction\":[{\"@type\":\"ReadAction\",\"target\":[\"https:\/\/wfh.org\/fr\/article\/la-fmh-endeuillee-par-le-deces-de-val-bias-ancien-president-et-directeur-de-la-nhf\/\"]}]},{\"@type\":\"ImageObject\",\"inLanguage\":\"fr-FR\",\"@id\":\"https:\/\/wfh.org\/fr\/article\/la-fmh-endeuillee-par-le-deces-de-val-bias-ancien-president-et-directeur-de-la-nhf\/#primaryimage\",\"url\":\"https:\/\/wfh.org\/wp-content\/uploads\/2022\/01\/Val-Bias-header.jpg\",\"contentUrl\":\"https:\/\/wfh.org\/wp-content\/uploads\/2022\/01\/Val-Bias-header.jpg\",\"width\":640,\"height\":400},{\"@type\":\"WebSite\",\"@id\":\"https:\/\/wfh.org\/fr\/#website\",\"url\":\"https:\/\/wfh.org\/fr\/\",\"name\":\"FMH - F\u00e9d\u00e9ration mondiale de l\u2019h\u00e9mophilie\",\"description\":\"WFH - World Federation of Hemophilia\",\"publisher\":{\"@id\":\"https:\/\/wfh.org\/fr\/#organization\"},\"potentialAction\":[{\"@type\":\"SearchAction\",\"target\":{\"@type\":\"EntryPoint\",\"urlTemplate\":\"https:\/\/wfh.org\/fr\/?s={search_term_string}\"},\"query-input\":{\"@type\":\"PropertyValueSpecification\",\"valueRequired\":true,\"valueName\":\"search_term_string\"}}],\"inLanguage\":\"fr-FR\"},{\"@type\":\"Organization\",\"@id\":\"https:\/\/wfh.org\/fr\/#organization\",\"name\":\"World Federation of Hemophilia\",\"url\":\"https:\/\/wfh.org\/fr\/\",\"logo\":{\"@type\":\"ImageObject\",\"inLanguage\":\"fr-FR\",\"@id\":\"https:\/\/wfh.org\/fr\/#\/schema\/logo\/image\/\",\"url\":\"https:\/\/wfh.org\/wp-content\/uploads\/2021\/10\/WFH-LOGO-ENGLISH.svg\",\"contentUrl\":\"https:\/\/wfh.org\/wp-content\/uploads\/2021\/10\/WFH-LOGO-ENGLISH.svg\",\"width\":210,\"height\":63,\"caption\":\"World Federation of Hemophilia\"},\"image\":{\"@id\":\"https:\/\/wfh.org\/fr\/#\/schema\/logo\/image\/\"},\"sameAs\":[\"https:\/\/www.facebook.com\/wfhemophilia\/\"]},{\"@type\":\"Person\",\"@id\":\"https:\/\/wfh.org\/fr\/#\/schema\/person\/622f4b0ed56b8e4a987dd20bef774887\",\"name\":\"Electra Rozakis\"}]}<\/script>\n<!-- \/ Yoast SEO Premium plugin. -->","yoast_head_json":{"title":"La FMH endeuill\u00e9e par le d\u00e9c\u00e8s de Val Bias, ancien pr\u00e9sident et directeur de la NHF | FMH - F\u00e9d\u00e9ration mondiale de l\u2019h\u00e9mophilie","robots":{"index":"index","follow":"follow","max-snippet":"max-snippet:-1","max-image-preview":"max-image-preview:large","max-video-preview":"max-video-preview:-1"},"canonical":"https:\/\/wfh.org\/fr\/article\/la-fmh-endeuillee-par-le-deces-de-val-bias-ancien-president-et-directeur-de-la-nhf\/","og_locale":"fr_FR","og_type":"article","og_title":"La FMH endeuill\u00e9e par le d\u00e9c\u00e8s de Val Bias, ancien pr\u00e9sident et directeur de la NHF","og_description":"C\u2019est avec une profonde tristesse que la FMH a appris le r\u00e9cent d\u00e9c\u00e8s de Val Bias, ancien pr\u00e9sident-directeur g\u00e9n\u00e9ral de la National Hemophilia Foundation (NHF), et pilier de la communaut\u00e9 des troubles de la coagulation.","og_url":"https:\/\/wfh.org\/fr\/article\/la-fmh-endeuillee-par-le-deces-de-val-bias-ancien-president-et-directeur-de-la-nhf\/","og_site_name":"FMH - F\u00e9d\u00e9ration mondiale de l\u2019h\u00e9mophilie","article_publisher":"https:\/\/www.facebook.com\/wfhemophilia\/","article_published_time":"2022-01-03T14:00:00+00:00","article_modified_time":"2024-04-15T12:40:47+00:00","og_image":[{"width":640,"height":400,"url":"https:\/\/wfh.org\/wp-content\/uploads\/2022\/01\/Val-Bias-header.jpg","type":"image\/jpeg"}],"author":"Electra Rozakis","twitter_card":"summary_large_image","twitter_misc":{"\u00c9crit par":"Electra Rozakis","Dur\u00e9e de lecture estim\u00e9e":"1 minute"},"schema":{"@context":"https:\/\/schema.org","@graph":[{"@type":"Article","@id":"https:\/\/wfh.org\/fr\/article\/la-fmh-endeuillee-par-le-deces-de-val-bias-ancien-president-et-directeur-de-la-nhf\/#article","isPartOf":{"@id":"https:\/\/wfh.org\/fr\/article\/la-fmh-endeuillee-par-le-deces-de-val-bias-ancien-president-et-directeur-de-la-nhf\/"},"author":{"name":"Electra Rozakis","@id":"https:\/\/wfh.org\/fr\/#\/schema\/person\/622f4b0ed56b8e4a987dd20bef774887"},"headline":"La FMH endeuill\u00e9e par le d\u00e9c\u00e8s de Val Bias, ancien pr\u00e9sident et directeur de la NHF","datePublished":"2022-01-03T14:00:00+00:00","dateModified":"2024-04-15T12:40:47+00:00","mainEntityOfPage":{"@id":"https:\/\/wfh.org\/fr\/article\/la-fmh-endeuillee-par-le-deces-de-val-bias-ancien-president-et-directeur-de-la-nhf\/"},"wordCount":280,"publisher":{"@id":"https:\/\/wfh.org\/fr\/#organization"},"image":{"@id":"https:\/\/wfh.org\/fr\/article\/la-fmh-endeuillee-par-le-deces-de-val-bias-ancien-president-et-directeur-de-la-nhf\/#primaryimage"},"thumbnailUrl":"https:\/\/wfh.org\/wp-content\/uploads\/2022\/01\/Val-Bias-header.jpg","articleSection":["Plaidoyer"],"inLanguage":"fr-FR"},{"@type":"WebPage","@id":"https:\/\/wfh.org\/fr\/article\/la-fmh-endeuillee-par-le-deces-de-val-bias-ancien-president-et-directeur-de-la-nhf\/","url":"https:\/\/wfh.org\/fr\/article\/la-fmh-endeuillee-par-le-deces-de-val-bias-ancien-president-et-directeur-de-la-nhf\/","name":"La FMH endeuill\u00e9e par le d\u00e9c\u00e8s de Val Bias, ancien pr\u00e9sident et directeur de la NHF | FMH - F\u00e9d\u00e9ration mondiale de l\u2019h\u00e9mophilie","isPartOf":{"@id":"https:\/\/wfh.org\/fr\/#website"},"primaryImageOfPage":{"@id":"https:\/\/wfh.org\/fr\/article\/la-fmh-endeuillee-par-le-deces-de-val-bias-ancien-president-et-directeur-de-la-nhf\/#primaryimage"},"image":{"@id":"https:\/\/wfh.org\/fr\/article\/la-fmh-endeuillee-par-le-deces-de-val-bias-ancien-president-et-directeur-de-la-nhf\/#primaryimage"},"thumbnailUrl":"https:\/\/wfh.org\/wp-content\/uploads\/2022\/01\/Val-Bias-header.jpg","datePublished":"2022-01-03T14:00:00+00:00","dateModified":"2024-04-15T12:40:47+00:00","inLanguage":"fr-FR","potentialAction":[{"@type":"ReadAction","target":["https:\/\/wfh.org\/fr\/article\/la-fmh-endeuillee-par-le-deces-de-val-bias-ancien-president-et-directeur-de-la-nhf\/"]}]},{"@type":"ImageObject","inLanguage":"fr-FR","@id":"https:\/\/wfh.org\/fr\/article\/la-fmh-endeuillee-par-le-deces-de-val-bias-ancien-president-et-directeur-de-la-nhf\/#primaryimage","url":"https:\/\/wfh.org\/wp-content\/uploads\/2022\/01\/Val-Bias-header.jpg","contentUrl":"https:\/\/wfh.org\/wp-content\/uploads\/2022\/01\/Val-Bias-header.jpg","width":640,"height":400},{"@type":"WebSite","@id":"https:\/\/wfh.org\/fr\/#website","url":"https:\/\/wfh.org\/fr\/","name":"FMH - F\u00e9d\u00e9ration mondiale de l\u2019h\u00e9mophilie","description":"WFH - World Federation of Hemophilia","publisher":{"@id":"https:\/\/wfh.org\/fr\/#organization"},"potentialAction":[{"@type":"SearchAction","target":{"@type":"EntryPoint","urlTemplate":"https:\/\/wfh.org\/fr\/?s={search_term_string}"},"query-input":{"@type":"PropertyValueSpecification","valueRequired":true,"valueName":"search_term_string"}}],"inLanguage":"fr-FR"},{"@type":"Organization","@id":"https:\/\/wfh.org\/fr\/#organization","name":"World Federation of Hemophilia","url":"https:\/\/wfh.org\/fr\/","logo":{"@type":"ImageObject","inLanguage":"fr-FR","@id":"https:\/\/wfh.org\/fr\/#\/schema\/logo\/image\/","url":"https:\/\/wfh.org\/wp-content\/uploads\/2021\/10\/WFH-LOGO-ENGLISH.svg","contentUrl":"https:\/\/wfh.org\/wp-content\/uploads\/2021\/10\/WFH-LOGO-ENGLISH.svg","width":210,"height":63,"caption":"World Federation of Hemophilia"},"image":{"@id":"https:\/\/wfh.org\/fr\/#\/schema\/logo\/image\/"},"sameAs":["https:\/\/www.facebook.com\/wfhemophilia\/"]},{"@type":"Person","@id":"https:\/\/wfh.org\/fr\/#\/schema\/person\/622f4b0ed56b8e4a987dd20bef774887","name":"Electra Rozakis"}]}},"_links":{"self":[{"href":"https:\/\/wfh.org\/fr\/wp-json\/wp\/v2\/posts\/26521","targetHints":{"allow":["GET"]}}],"collection":[{"href":"https:\/\/wfh.org\/fr\/wp-json\/wp\/v2\/posts"}],"about":[{"href":"https:\/\/wfh.org\/fr\/wp-json\/wp\/v2\/types\/post"}],"author":[{"embeddable":true,"href":"https:\/\/wfh.org\/fr\/wp-json\/wp\/v2\/users\/3"}],"replies":[{"embeddable":true,"href":"https:\/\/wfh.org\/fr\/wp-json\/wp\/v2\/comments?post=26521"}],"version-history":[{"count":0,"href":"https:\/\/wfh.org\/fr\/wp-json\/wp\/v2\/posts\/26521\/revisions"}],"wp:featuredmedia":[{"embeddable":true,"href":"https:\/\/wfh.org\/fr\/wp-json\/wp\/v2\/media\/16646"}],"wp:attachment":[{"href":"https:\/\/wfh.org\/fr\/wp-json\/wp\/v2\/media?parent=26521"}],"wp:term":[{"taxonomy":"category","embeddable":true,"href":"https:\/\/wfh.org\/fr\/wp-json\/wp\/v2\/categories?post=26521"},{"taxonomy":"post_tag","embeddable":true,"href":"https:\/\/wfh.org\/fr\/wp-json\/wp\/v2\/tags?post=26521"},{"taxonomy":"search-category","embeddable":true,"href":"https:\/\/wfh.org\/fr\/wp-json\/wp\/v2\/search-category?post=26521"}],"curies":[{"name":"wp","href":"https:\/\/api.w.org\/{rel}","templated":true}]}}