{"id":161158,"date":"2025-10-24T08:00:05","date_gmt":"2025-10-24T12:00:05","guid":{"rendered":"https:\/\/wfh.org\/?p=161158"},"modified":"2026-03-10T12:21:11","modified_gmt":"2026-03-10T16:21:11","slug":"prix-du-benevolat-de-la-fmh-lappel-a-nominations-est-ouvert","status":"publish","type":"post","link":"https:\/\/wfh.org\/fr\/article\/prix-du-benevolat-de-la-fmh-lappel-a-nominations-est-ouvert\/","title":{"rendered":"Prix du b\u00e9n\u00e9volat de la FMH : l\u2019appel \u00e0 nominations est ouvert !"},"content":{"rendered":"\t\t<div data-elementor-type=\"wp-post\" data-elementor-id=\"161158\" class=\"elementor elementor-161158 elementor-160474\" data-elementor-post-type=\"post\">\n\t\t\t\t\t\t<section class=\"elementor-section elementor-top-section elementor-element elementor-element-3fd54b1 elementor-section-boxed elementor-section-height-default elementor-section-height-default\" data-id=\"3fd54b1\" data-element_type=\"section\" data-e-type=\"section\">\n\t\t\t\t\t\t<div class=\"elementor-container elementor-column-gap-default\">\n\t\t\t\t\t<div class=\"elementor-column elementor-col-100 elementor-top-column elementor-element elementor-element-9a478f1\" data-id=\"9a478f1\" data-element_type=\"column\" data-e-type=\"column\">\n\t\t\t<div class=\"elementor-widget-wrap elementor-element-populated\">\n\t\t\t\t\t\t<div class=\"elementor-element elementor-element-1943497 elementor-widget elementor-widget-text-editor\" data-id=\"1943497\" data-element_type=\"widget\" data-e-type=\"widget\" data-widget_type=\"text-editor.default\">\n\t\t\t\t<div class=\"elementor-widget-container\">\n\t\t\t\t\t\t\t\t\t<p>Il est \u00e0 nouveau temps de rendre hommage aux personnes qui se sont mises enti\u00e8rement au service de la communaut\u00e9 mondiale des troubles de la coagulation.<\/p>\n<p>Vous connaissez quelqu\u2019un qui a <a href=\"https:\/\/wfh.org\/fr\/prix\/\" target=\"_blank\" rel=\"noopener\">apport\u00e9 une contribution remarquable<\/a> \u00e0 la communaut\u00e9 locale ou mondiale des troubles de la coagulation\u00a0? Si oui, dites-le-nous\u00a0: la FMH accepte maintenant les nominations pour les Prix du b\u00e9n\u00e9volat 2026 de la FMH.<\/p>\n\t\t\t\t\t\t\t\t<\/div>\n\t\t\t\t<\/div>\n\t\t\t\t<div class=\"elementor-element elementor-element-3328c76 elementor-widget elementor-widget-heading\" data-id=\"3328c76\" data-element_type=\"widget\" data-e-type=\"widget\" data-widget_type=\"heading.default\">\n\t\t\t\t<div class=\"elementor-widget-container\">\n\t\t\t\t\t<h3 class=\"elementor-heading-title elementor-size-default\">Prix international du b\u00e9n\u00e9volat Frank Schnabel<\/h3>\t\t\t\t<\/div>\n\t\t\t\t<\/div>\n\t\t\t\t<div class=\"elementor-element elementor-element-dc98857 elementor-widget elementor-widget-text-editor\" data-id=\"dc98857\" data-element_type=\"widget\" data-e-type=\"widget\" data-widget_type=\"text-editor.default\">\n\t\t\t\t<div class=\"elementor-widget-container\">\n\t\t\t\t\t\t\t\t\t<p>Cr\u00e9\u00e9 en 2004, le Prix international Frank Schnabel, nomm\u00e9 ainsi en m\u00e9moire du fondateur de la FMH, est d\u00e9cern\u00e9 \u00e0 une personne atteinte d\u2019h\u00e9mophilie ou d\u2019un trouble h\u00e9r\u00e9ditaire de la coagulation, ou \u00e0 un parent, qui a contribu\u00e9 gr\u00e2ce \u00e0 son leadership \u00e0 faire avancer la mission et les objectifs de la FMH pendant plusieurs ann\u00e9es, non seulement dans son pays d\u2019origine mais aussi au service de la communaut\u00e9 dans son ensemble.<\/p>\n\t\t\t\t\t\t\t\t<\/div>\n\t\t\t\t<\/div>\n\t\t\t\t<div class=\"elementor-element elementor-element-27a0d96 elementor-widget elementor-widget-heading\" data-id=\"27a0d96\" data-element_type=\"widget\" data-e-type=\"widget\" data-widget_type=\"heading.default\">\n\t\t\t\t<div class=\"elementor-widget-container\">\n\t\t\t\t\t<h3 class=\"elementor-heading-title elementor-size-default\">Prix international du professionnel de sant\u00e9 b\u00e9n\u00e9vole<\/h3>\t\t\t\t<\/div>\n\t\t\t\t<\/div>\n\t\t\t\t<div class=\"elementor-element elementor-element-b58d396 elementor-widget elementor-widget-text-editor\" data-id=\"b58d396\" data-element_type=\"widget\" data-e-type=\"widget\" data-widget_type=\"text-editor.default\">\n\t\t\t\t<div class=\"elementor-widget-container\">\n\t\t\t\t\t\t\t\t\t<p>Cr\u00e9\u00e9 en 2004, ce prix rend hommage \u00e0 un\u00b7e professionnel\u00b7le de sant\u00e9 qui a contribu\u00e9 de fa\u00e7on notable \u00e0 faire avancer la mission et les objectifs de la FMH gr\u00e2ce \u00e0 son travail b\u00e9n\u00e9vole. Les candidat\u00b7es \u00e9ligibles \u00e0 ce prix peuvent \u00eatre tous les membres d\u2019\u00e9quipes de soins multidisciplinaires\u00a0tels que des m\u00e9decins, des infirmier\u00b7es, des kin\u00e9sith\u00e9rapeutes, des psychologues, des travailleuses et travailleurs sociaux, des dentistes ou autre prestataire de soins.<\/p>\n\t\t\t\t\t\t\t\t<\/div>\n\t\t\t\t<\/div>\n\t\t\t\t<div class=\"elementor-element elementor-element-669510e elementor-widget elementor-widget-heading\" data-id=\"669510e\" data-element_type=\"widget\" data-e-type=\"widget\" data-widget_type=\"heading.default\">\n\t\t\t\t<div class=\"elementor-widget-container\">\n\t\t\t\t\t<h3 class=\"elementor-heading-title elementor-size-default\">Prix sp\u00e9cial de la pr\u00e9sidence <\/h3>\t\t\t\t<\/div>\n\t\t\t\t<\/div>\n\t\t\t\t<div class=\"elementor-element elementor-element-4b17eef elementor-widget elementor-widget-text-editor\" data-id=\"4b17eef\" data-element_type=\"widget\" data-e-type=\"widget\" data-widget_type=\"text-editor.default\">\n\t\t\t\t<div class=\"elementor-widget-container\">\n\t\t\t\t\t\t\t\t\t<p>Cr\u00e9\u00e9 en 2018, le Prix sp\u00e9cial de la Pr\u00e9sidence est d\u00e9cern\u00e9 \u00e0 une personne ou une organisation ayant \u0153uvr\u00e9 au niveau national et ayant apport\u00e9 une contribution notable \u00e0 l\u2019avancement de la mission et des objectifs de la FMH. En 2024, une nouvelle cat\u00e9gorie d\u2019\u00e9ligibilit\u00e9 a \u00e9t\u00e9 incluse dans le Prix sp\u00e9cial de la Pr\u00e9sidence, d\u00e9di\u00e9e \u00e0 r\u00e9compenser les personnes et les institutions qui travaillent \u00e0 accro\u00eetre la reconnaissance, la visibilit\u00e9 et l\u2019am\u00e9lioration du diagnostic et\/ou de l\u2019acc\u00e8s aux soins pour les femmes et les filles atteintes de troubles de la coagulation.<\/p>\n<p>La date limite de soumission d\u2019une nomination est fix\u00e9e au 30 novembre 2025 \u00e0 23h59 (heure normale de l\u2019Est). Les noms des laur\u00e9at\u00b7es seront d\u00e9voil\u00e9s lors du Congr\u00e8s mondial 2026 de la FMH, \u00e0 Kuala Lumpur (Malaisie).<\/p>\n<p>Pour consulter les crit\u00e8res de s\u00e9lection de chaque prix et proposer une nomination, consultez la page de la FMH qui y est d\u00e9di\u00e9e, <a href=\"https:\/\/wfh.org\/fr\/prix\/#volunteer\" target=\"_blank\" rel=\"noopener\">ici<\/a>.<\/p>\n\t\t\t\t\t\t\t\t<\/div>\n\t\t\t\t<\/div>\n\t\t\t\t<div class=\"elementor-element elementor-element-307907a elementor-widget elementor-widget-spacer\" data-id=\"307907a\" data-element_type=\"widget\" data-e-type=\"widget\" data-widget_type=\"spacer.default\">\n\t\t\t\t<div class=\"elementor-widget-container\">\n\t\t\t\t\t\t\t<div class=\"elementor-spacer\">\n\t\t\t<div class=\"elementor-spacer-inner\"><\/div>\n\t\t<\/div>\n\t\t\t\t\t\t<\/div>\n\t\t\t\t<\/div>\n\t\t\t\t<div class=\"elementor-element elementor-element-92e4a62 elementor-widget elementor-widget-image\" data-id=\"92e4a62\" data-element_type=\"widget\" data-e-type=\"widget\" data-widget_type=\"image.default\">\n\t\t\t\t<div class=\"elementor-widget-container\">\n\t\t\t\t\t\t\t\t\t\t\t\t\t\t\t\t<a href=\"https:\/\/wfh.org\/fr\/congres\/\" target=\"_blank\">\n\t\t\t\t\t\t\t<img fetchpriority=\"high\" decoding=\"async\" width=\"1200\" height=\"260\" src=\"https:\/\/wfh.org\/wp-content\/uploads\/2025\/10\/WFH-2026-World-Congress-registration-banner-FR.jpg\" class=\"attachment-full size-full wp-image-160737\" alt=\"Inscrivez-vous au Congr\u00e8s mondial de la WFH 2026\" srcset=\"https:\/\/wfh.org\/wp-content\/uploads\/2025\/10\/WFH-2026-World-Congress-registration-banner-FR.jpg 1200w, https:\/\/wfh.org\/wp-content\/uploads\/2025\/10\/WFH-2026-World-Congress-registration-banner-FR-192x42.jpg 192w, https:\/\/wfh.org\/wp-content\/uploads\/2025\/10\/WFH-2026-World-Congress-registration-banner-FR-768x166.jpg 768w\" sizes=\"(max-width: 1200px) 100vw, 1200px\" \/>\t\t\t\t\t\t\t\t<\/a>\n\t\t\t\t\t\t\t\t\t\t\t\t\t\t\t<\/div>\n\t\t\t\t<\/div>\n\t\t\t\t\t<\/div>\n\t\t<\/div>\n\t\t\t\t\t<\/div>\n\t\t<\/section>\n\t\t\t\t<\/div>\n\t\t","protected":false},"excerpt":{"rendered":"<p>Les b\u00e9n\u00e9voles sont le socle de la F\u00e9d\u00e9ration mondiale de l\u2019h\u00e9mophilie (FMH). Leur d\u00e9vouement, leur expertise et leur engagement altruiste sont les moteurs qui font avancer notre mission et nous rapprochent de notre vision du Traitement pour tous. En donnant de leur temps et en partageant leurs connaissances, les b\u00e9n\u00e9voles de la FMH jouent un r\u00f4le essentiel dans le renforcement de l\u2019acc\u00e8s aux soins et au traitement pour les personnes atteintes d\u2019un trouble de la coagulation dans le monde entier.<\/p>\n","protected":false},"author":13,"featured_media":160731,"comment_status":"closed","ping_status":"closed","sticky":false,"template":"","format":"standard","meta":{"inline_featured_image":false,"footnotes":""},"categories":[187,189,246],"tags":[],"search-category":[85],"class_list":["post-161158","post","type-post","status-publish","format-standard","has-post-thumbnail","hentry","category-congres-mondiale-de-la-fmh","category-evenements","category-partenaires-communautaires","search-category-article"],"yoast_head":"<!-- This site is optimized with the Yoast SEO Premium plugin v27.2 (Yoast SEO v27.2) - https:\/\/yoast.com\/product\/yoast-seo-premium-wordpress\/ -->\n<title>Prix du b\u00e9n\u00e9volat de la FMH : l\u2019appel \u00e0 nominations est ouvert ! | FMH - F\u00e9d\u00e9ration mondiale de l\u2019h\u00e9mophilie<\/title>\n<meta name=\"robots\" content=\"index, follow, max-snippet:-1, max-image-preview:large, max-video-preview:-1\" \/>\n<link rel=\"canonical\" href=\"https:\/\/wfh.org\/fr\/article\/prix-du-benevolat-de-la-fmh-lappel-a-nominations-est-ouvert\/\" \/>\n<meta property=\"og:locale\" content=\"fr_FR\" \/>\n<meta property=\"og:type\" content=\"article\" \/>\n<meta property=\"og:title\" content=\"Prix du b\u00e9n\u00e9volat de la FMH : l\u2019appel \u00e0 nominations est ouvert !\" \/>\n<meta property=\"og:description\" content=\"Les b\u00e9n\u00e9voles sont le socle de la F\u00e9d\u00e9ration mondiale de l\u2019h\u00e9mophilie (FMH). Leur d\u00e9vouement, leur expertise et leur engagement altruiste sont les moteurs qui font avancer notre mission et nous rapprochent de notre vision du Traitement pour tous. En donnant de leur temps et en partageant leurs connaissances, les b\u00e9n\u00e9voles de la FMH jouent un r\u00f4le essentiel dans le renforcement de l\u2019acc\u00e8s aux soins et au traitement pour les personnes atteintes d\u2019un trouble de la coagulation dans le monde entier.\" \/>\n<meta property=\"og:url\" content=\"https:\/\/wfh.org\/fr\/article\/prix-du-benevolat-de-la-fmh-lappel-a-nominations-est-ouvert\/\" \/>\n<meta property=\"og:site_name\" content=\"FMH - F\u00e9d\u00e9ration mondiale de l\u2019h\u00e9mophilie\" \/>\n<meta property=\"article:publisher\" content=\"https:\/\/www.facebook.com\/wfhemophilia\/\" \/>\n<meta property=\"article:published_time\" content=\"2025-10-24T12:00:05+00:00\" \/>\n<meta property=\"article:modified_time\" content=\"2026-03-10T16:21:11+00:00\" \/>\n<meta property=\"og:image\" content=\"https:\/\/wfh.org\/wp-content\/uploads\/2025\/10\/WFH-volunteer-awards-call-for-nominations-2025-Article-Header-FR-1.jpg\" \/>\n\t<meta property=\"og:image:width\" content=\"1200\" \/>\n\t<meta property=\"og:image:height\" content=\"627\" \/>\n\t<meta property=\"og:image:type\" content=\"image\/jpeg\" \/>\n<meta name=\"author\" content=\"Mitch Semienchuk\" \/>\n<meta name=\"twitter:card\" content=\"summary_large_image\" \/>\n<meta name=\"twitter:label1\" content=\"\u00c9crit par\" \/>\n\t<meta name=\"twitter:data1\" content=\"Mitch Semienchuk\" \/>\n\t<meta name=\"twitter:label2\" content=\"Dur\u00e9e de lecture estim\u00e9e\" \/>\n\t<meta name=\"twitter:data2\" content=\"2 minutes\" \/>\n<script type=\"application\/ld+json\" class=\"yoast-schema-graph\">{\"@context\":\"https:\/\/schema.org\",\"@graph\":[{\"@type\":\"Article\",\"@id\":\"https:\/\/wfh.org\/fr\/article\/prix-du-benevolat-de-la-fmh-lappel-a-nominations-est-ouvert\/#article\",\"isPartOf\":{\"@id\":\"https:\/\/wfh.org\/fr\/article\/prix-du-benevolat-de-la-fmh-lappel-a-nominations-est-ouvert\/\"},\"author\":{\"name\":\"Mitch Semienchuk\",\"@id\":\"https:\/\/wfh.org\/fr\/#\/schema\/person\/4aea5b13c1966452a640eef39423925b\"},\"headline\":\"Prix du b\u00e9n\u00e9volat de la FMH : l\u2019appel \u00e0 nominations est ouvert !\",\"datePublished\":\"2025-10-24T12:00:05+00:00\",\"dateModified\":\"2026-03-10T16:21:11+00:00\",\"mainEntityOfPage\":{\"@id\":\"https:\/\/wfh.org\/fr\/article\/prix-du-benevolat-de-la-fmh-lappel-a-nominations-est-ouvert\/\"},\"wordCount\":428,\"publisher\":{\"@id\":\"https:\/\/wfh.org\/fr\/#organization\"},\"image\":{\"@id\":\"https:\/\/wfh.org\/fr\/article\/prix-du-benevolat-de-la-fmh-lappel-a-nominations-est-ouvert\/#primaryimage\"},\"thumbnailUrl\":\"https:\/\/wfh.org\/wp-content\/uploads\/2025\/10\/WFH-volunteer-awards-call-for-nominations-2025-Article-Header-FR-1.jpg\",\"articleSection\":[\"Congr\u00e8s mondiale de la FMH\",\"\u00c9v\u00e9nements\",\"Partenaires communautaires\"],\"inLanguage\":\"fr-FR\"},{\"@type\":\"WebPage\",\"@id\":\"https:\/\/wfh.org\/fr\/article\/prix-du-benevolat-de-la-fmh-lappel-a-nominations-est-ouvert\/\",\"url\":\"https:\/\/wfh.org\/fr\/article\/prix-du-benevolat-de-la-fmh-lappel-a-nominations-est-ouvert\/\",\"name\":\"Prix du b\u00e9n\u00e9volat de la FMH : l\u2019appel \u00e0 nominations est ouvert ! | FMH - F\u00e9d\u00e9ration mondiale de l\u2019h\u00e9mophilie\",\"isPartOf\":{\"@id\":\"https:\/\/wfh.org\/fr\/#website\"},\"primaryImageOfPage\":{\"@id\":\"https:\/\/wfh.org\/fr\/article\/prix-du-benevolat-de-la-fmh-lappel-a-nominations-est-ouvert\/#primaryimage\"},\"image\":{\"@id\":\"https:\/\/wfh.org\/fr\/article\/prix-du-benevolat-de-la-fmh-lappel-a-nominations-est-ouvert\/#primaryimage\"},\"thumbnailUrl\":\"https:\/\/wfh.org\/wp-content\/uploads\/2025\/10\/WFH-volunteer-awards-call-for-nominations-2025-Article-Header-FR-1.jpg\",\"datePublished\":\"2025-10-24T12:00:05+00:00\",\"dateModified\":\"2026-03-10T16:21:11+00:00\",\"inLanguage\":\"fr-FR\",\"potentialAction\":[{\"@type\":\"ReadAction\",\"target\":[\"https:\/\/wfh.org\/fr\/article\/prix-du-benevolat-de-la-fmh-lappel-a-nominations-est-ouvert\/\"]}]},{\"@type\":\"ImageObject\",\"inLanguage\":\"fr-FR\",\"@id\":\"https:\/\/wfh.org\/fr\/article\/prix-du-benevolat-de-la-fmh-lappel-a-nominations-est-ouvert\/#primaryimage\",\"url\":\"https:\/\/wfh.org\/wp-content\/uploads\/2025\/10\/WFH-volunteer-awards-call-for-nominations-2025-Article-Header-FR-1.jpg\",\"contentUrl\":\"https:\/\/wfh.org\/wp-content\/uploads\/2025\/10\/WFH-volunteer-awards-call-for-nominations-2025-Article-Header-FR-1.jpg\",\"width\":1200,\"height\":627,\"caption\":\"Prix des b\u00e9n\u00e9voles du WFH : appel \u00e0 candidatures d\u00e9sormais ouvert\"},{\"@type\":\"WebSite\",\"@id\":\"https:\/\/wfh.org\/fr\/#website\",\"url\":\"https:\/\/wfh.org\/fr\/\",\"name\":\"FMH - F\u00e9d\u00e9ration mondiale de l\u2019h\u00e9mophilie\",\"description\":\"WFH - World Federation of Hemophilia\",\"publisher\":{\"@id\":\"https:\/\/wfh.org\/fr\/#organization\"},\"potentialAction\":[{\"@type\":\"SearchAction\",\"target\":{\"@type\":\"EntryPoint\",\"urlTemplate\":\"https:\/\/wfh.org\/fr\/?s={search_term_string}\"},\"query-input\":{\"@type\":\"PropertyValueSpecification\",\"valueRequired\":true,\"valueName\":\"search_term_string\"}}],\"inLanguage\":\"fr-FR\"},{\"@type\":\"Organization\",\"@id\":\"https:\/\/wfh.org\/fr\/#organization\",\"name\":\"World Federation of Hemophilia\",\"url\":\"https:\/\/wfh.org\/fr\/\",\"logo\":{\"@type\":\"ImageObject\",\"inLanguage\":\"fr-FR\",\"@id\":\"https:\/\/wfh.org\/fr\/#\/schema\/logo\/image\/\",\"url\":\"https:\/\/wfh.org\/wp-content\/uploads\/2021\/10\/WFH-LOGO-ENGLISH.svg\",\"contentUrl\":\"https:\/\/wfh.org\/wp-content\/uploads\/2021\/10\/WFH-LOGO-ENGLISH.svg\",\"width\":210,\"height\":63,\"caption\":\"World Federation of Hemophilia\"},\"image\":{\"@id\":\"https:\/\/wfh.org\/fr\/#\/schema\/logo\/image\/\"},\"sameAs\":[\"https:\/\/www.facebook.com\/wfhemophilia\/\"]},{\"@type\":\"Person\",\"@id\":\"https:\/\/wfh.org\/fr\/#\/schema\/person\/4aea5b13c1966452a640eef39423925b\",\"name\":\"Mitch Semienchuk\",\"sameAs\":[\"analytics\"]}]}<\/script>\n<!-- \/ Yoast SEO Premium plugin. -->","yoast_head_json":{"title":"Prix du b\u00e9n\u00e9volat de la FMH : l\u2019appel \u00e0 nominations est ouvert ! | FMH - F\u00e9d\u00e9ration mondiale de l\u2019h\u00e9mophilie","robots":{"index":"index","follow":"follow","max-snippet":"max-snippet:-1","max-image-preview":"max-image-preview:large","max-video-preview":"max-video-preview:-1"},"canonical":"https:\/\/wfh.org\/fr\/article\/prix-du-benevolat-de-la-fmh-lappel-a-nominations-est-ouvert\/","og_locale":"fr_FR","og_type":"article","og_title":"Prix du b\u00e9n\u00e9volat de la FMH : l\u2019appel \u00e0 nominations est ouvert !","og_description":"Les b\u00e9n\u00e9voles sont le socle de la F\u00e9d\u00e9ration mondiale de l\u2019h\u00e9mophilie (FMH). Leur d\u00e9vouement, leur expertise et leur engagement altruiste sont les moteurs qui font avancer notre mission et nous rapprochent de notre vision du Traitement pour tous. En donnant de leur temps et en partageant leurs connaissances, les b\u00e9n\u00e9voles de la FMH jouent un r\u00f4le essentiel dans le renforcement de l\u2019acc\u00e8s aux soins et au traitement pour les personnes atteintes d\u2019un trouble de la coagulation dans le monde entier.","og_url":"https:\/\/wfh.org\/fr\/article\/prix-du-benevolat-de-la-fmh-lappel-a-nominations-est-ouvert\/","og_site_name":"FMH - F\u00e9d\u00e9ration mondiale de l\u2019h\u00e9mophilie","article_publisher":"https:\/\/www.facebook.com\/wfhemophilia\/","article_published_time":"2025-10-24T12:00:05+00:00","article_modified_time":"2026-03-10T16:21:11+00:00","og_image":[{"width":1200,"height":627,"url":"https:\/\/wfh.org\/wp-content\/uploads\/2025\/10\/WFH-volunteer-awards-call-for-nominations-2025-Article-Header-FR-1.jpg","type":"image\/jpeg"}],"author":"Mitch Semienchuk","twitter_card":"summary_large_image","twitter_misc":{"\u00c9crit par":"Mitch Semienchuk","Dur\u00e9e de lecture estim\u00e9e":"2 minutes"},"schema":{"@context":"https:\/\/schema.org","@graph":[{"@type":"Article","@id":"https:\/\/wfh.org\/fr\/article\/prix-du-benevolat-de-la-fmh-lappel-a-nominations-est-ouvert\/#article","isPartOf":{"@id":"https:\/\/wfh.org\/fr\/article\/prix-du-benevolat-de-la-fmh-lappel-a-nominations-est-ouvert\/"},"author":{"name":"Mitch Semienchuk","@id":"https:\/\/wfh.org\/fr\/#\/schema\/person\/4aea5b13c1966452a640eef39423925b"},"headline":"Prix du b\u00e9n\u00e9volat de la FMH : l\u2019appel \u00e0 nominations est ouvert !","datePublished":"2025-10-24T12:00:05+00:00","dateModified":"2026-03-10T16:21:11+00:00","mainEntityOfPage":{"@id":"https:\/\/wfh.org\/fr\/article\/prix-du-benevolat-de-la-fmh-lappel-a-nominations-est-ouvert\/"},"wordCount":428,"publisher":{"@id":"https:\/\/wfh.org\/fr\/#organization"},"image":{"@id":"https:\/\/wfh.org\/fr\/article\/prix-du-benevolat-de-la-fmh-lappel-a-nominations-est-ouvert\/#primaryimage"},"thumbnailUrl":"https:\/\/wfh.org\/wp-content\/uploads\/2025\/10\/WFH-volunteer-awards-call-for-nominations-2025-Article-Header-FR-1.jpg","articleSection":["Congr\u00e8s mondiale de la FMH","\u00c9v\u00e9nements","Partenaires communautaires"],"inLanguage":"fr-FR"},{"@type":"WebPage","@id":"https:\/\/wfh.org\/fr\/article\/prix-du-benevolat-de-la-fmh-lappel-a-nominations-est-ouvert\/","url":"https:\/\/wfh.org\/fr\/article\/prix-du-benevolat-de-la-fmh-lappel-a-nominations-est-ouvert\/","name":"Prix du b\u00e9n\u00e9volat de la FMH : l\u2019appel \u00e0 nominations est ouvert ! | FMH - F\u00e9d\u00e9ration mondiale de l\u2019h\u00e9mophilie","isPartOf":{"@id":"https:\/\/wfh.org\/fr\/#website"},"primaryImageOfPage":{"@id":"https:\/\/wfh.org\/fr\/article\/prix-du-benevolat-de-la-fmh-lappel-a-nominations-est-ouvert\/#primaryimage"},"image":{"@id":"https:\/\/wfh.org\/fr\/article\/prix-du-benevolat-de-la-fmh-lappel-a-nominations-est-ouvert\/#primaryimage"},"thumbnailUrl":"https:\/\/wfh.org\/wp-content\/uploads\/2025\/10\/WFH-volunteer-awards-call-for-nominations-2025-Article-Header-FR-1.jpg","datePublished":"2025-10-24T12:00:05+00:00","dateModified":"2026-03-10T16:21:11+00:00","inLanguage":"fr-FR","potentialAction":[{"@type":"ReadAction","target":["https:\/\/wfh.org\/fr\/article\/prix-du-benevolat-de-la-fmh-lappel-a-nominations-est-ouvert\/"]}]},{"@type":"ImageObject","inLanguage":"fr-FR","@id":"https:\/\/wfh.org\/fr\/article\/prix-du-benevolat-de-la-fmh-lappel-a-nominations-est-ouvert\/#primaryimage","url":"https:\/\/wfh.org\/wp-content\/uploads\/2025\/10\/WFH-volunteer-awards-call-for-nominations-2025-Article-Header-FR-1.jpg","contentUrl":"https:\/\/wfh.org\/wp-content\/uploads\/2025\/10\/WFH-volunteer-awards-call-for-nominations-2025-Article-Header-FR-1.jpg","width":1200,"height":627,"caption":"Prix des b\u00e9n\u00e9voles du WFH : appel \u00e0 candidatures d\u00e9sormais ouvert"},{"@type":"WebSite","@id":"https:\/\/wfh.org\/fr\/#website","url":"https:\/\/wfh.org\/fr\/","name":"FMH - F\u00e9d\u00e9ration mondiale de l\u2019h\u00e9mophilie","description":"WFH - World Federation of Hemophilia","publisher":{"@id":"https:\/\/wfh.org\/fr\/#organization"},"potentialAction":[{"@type":"SearchAction","target":{"@type":"EntryPoint","urlTemplate":"https:\/\/wfh.org\/fr\/?s={search_term_string}"},"query-input":{"@type":"PropertyValueSpecification","valueRequired":true,"valueName":"search_term_string"}}],"inLanguage":"fr-FR"},{"@type":"Organization","@id":"https:\/\/wfh.org\/fr\/#organization","name":"World Federation of Hemophilia","url":"https:\/\/wfh.org\/fr\/","logo":{"@type":"ImageObject","inLanguage":"fr-FR","@id":"https:\/\/wfh.org\/fr\/#\/schema\/logo\/image\/","url":"https:\/\/wfh.org\/wp-content\/uploads\/2021\/10\/WFH-LOGO-ENGLISH.svg","contentUrl":"https:\/\/wfh.org\/wp-content\/uploads\/2021\/10\/WFH-LOGO-ENGLISH.svg","width":210,"height":63,"caption":"World Federation of Hemophilia"},"image":{"@id":"https:\/\/wfh.org\/fr\/#\/schema\/logo\/image\/"},"sameAs":["https:\/\/www.facebook.com\/wfhemophilia\/"]},{"@type":"Person","@id":"https:\/\/wfh.org\/fr\/#\/schema\/person\/4aea5b13c1966452a640eef39423925b","name":"Mitch Semienchuk","sameAs":["analytics"]}]}},"_links":{"self":[{"href":"https:\/\/wfh.org\/fr\/wp-json\/wp\/v2\/posts\/161158","targetHints":{"allow":["GET"]}}],"collection":[{"href":"https:\/\/wfh.org\/fr\/wp-json\/wp\/v2\/posts"}],"about":[{"href":"https:\/\/wfh.org\/fr\/wp-json\/wp\/v2\/types\/post"}],"author":[{"embeddable":true,"href":"https:\/\/wfh.org\/fr\/wp-json\/wp\/v2\/users\/13"}],"replies":[{"embeddable":true,"href":"https:\/\/wfh.org\/fr\/wp-json\/wp\/v2\/comments?post=161158"}],"version-history":[{"count":2,"href":"https:\/\/wfh.org\/fr\/wp-json\/wp\/v2\/posts\/161158\/revisions"}],"predecessor-version":[{"id":172609,"href":"https:\/\/wfh.org\/fr\/wp-json\/wp\/v2\/posts\/161158\/revisions\/172609"}],"wp:featuredmedia":[{"embeddable":true,"href":"https:\/\/wfh.org\/fr\/wp-json\/wp\/v2\/media\/160731"}],"wp:attachment":[{"href":"https:\/\/wfh.org\/fr\/wp-json\/wp\/v2\/media?parent=161158"}],"wp:term":[{"taxonomy":"category","embeddable":true,"href":"https:\/\/wfh.org\/fr\/wp-json\/wp\/v2\/categories?post=161158"},{"taxonomy":"post_tag","embeddable":true,"href":"https:\/\/wfh.org\/fr\/wp-json\/wp\/v2\/tags?post=161158"},{"taxonomy":"search-category","embeddable":true,"href":"https:\/\/wfh.org\/fr\/wp-json\/wp\/v2\/search-category?post=161158"}],"curies":[{"name":"wp","href":"https:\/\/api.w.org\/{rel}","templated":true}]}}