{"id":129739,"date":"2024-12-05T09:00:10","date_gmt":"2024-12-05T14:00:10","guid":{"rendered":"https:\/\/wfh.org\/article\/la-fmh-fete-la-journee-internationale-des-benevoles\/"},"modified":"2024-12-05T17:08:16","modified_gmt":"2024-12-05T22:08:16","slug":"la-fmh-fete-la-journee-internationale-des-benevoles","status":"publish","type":"post","link":"https:\/\/wfh.org\/fr\/article\/la-fmh-fete-la-journee-internationale-des-benevoles\/","title":{"rendered":"La FMH f\u00eate la Journ\u00e9e internationale des b\u00e9n\u00e9voles !"},"content":{"rendered":"\t\t<div data-elementor-type=\"wp-post\" data-elementor-id=\"129739\" class=\"elementor elementor-129739 elementor-129722\" data-elementor-post-type=\"post\">\n\t\t\t\t\t\t<section class=\"elementor-section elementor-top-section elementor-element elementor-element-8dc6aed elementor-section-boxed elementor-section-height-default elementor-section-height-default\" data-id=\"8dc6aed\" data-element_type=\"section\" data-e-type=\"section\">\n\t\t\t\t\t\t<div class=\"elementor-container elementor-column-gap-default\">\n\t\t\t\t\t<div class=\"elementor-column elementor-col-100 elementor-top-column elementor-element elementor-element-221ff51\" data-id=\"221ff51\" data-element_type=\"column\" data-e-type=\"column\">\n\t\t\t<div class=\"elementor-widget-wrap elementor-element-populated\">\n\t\t\t\t\t\t<div class=\"elementor-element elementor-element-5f6fc92 elementor-widget elementor-widget-text-editor\" data-id=\"5f6fc92\" data-element_type=\"widget\" data-e-type=\"widget\" data-widget_type=\"text-editor.default\">\n\t\t\t\t<div class=\"elementor-widget-container\">\n\t\t\t\t\t\t\t\t\t<p>La FMH soutient chaque jour les membres de la communaut\u00e9 mondiale des troubles de la coagulation, et cela ne serait pas possible sans tout l\u2019investissement de nos b\u00e9n\u00e9voles. En offrant leur temps, leur expertise, leur soutien ou m\u00eame leur argent, les b\u00e9n\u00e9voles donnent une dimension suppl\u00e9mentaire au travail effectu\u00e9 par nos employ\u00e9\u00b7es et autres parties prenantes.<\/p>\n<p>Vous pouvez renforcer votre impact en contribuant au travail que nous faisons. Chaque don, m\u00eame modeste, nous aide \u00e0 proposer un soutien vital et \u00e0 am\u00e9liorer les r\u00e9sultats de sant\u00e9 pour les personnes atteintes d\u2019un trouble de la coagulation.<\/p>\n\t\t\t\t\t\t\t\t<\/div>\n\t\t\t\t<\/div>\n\t\t\t\t<div class=\"elementor-element elementor-element-e3b3afb elementor-widget elementor-widget-heading\" data-id=\"e3b3afb\" data-element_type=\"widget\" data-e-type=\"widget\" data-widget_type=\"heading.default\">\n\t\t\t\t<div class=\"elementor-widget-container\">\n\t\t\t\t\t<h3 class=\"elementor-heading-title elementor-size-default\">Rejoignez-nous<\/h3>\t\t\t\t<\/div>\n\t\t\t\t<\/div>\n\t\t\t\t<div class=\"elementor-element elementor-element-9af1031 elementor-widget elementor-widget-text-editor\" data-id=\"9af1031\" data-element_type=\"widget\" data-e-type=\"widget\" data-widget_type=\"text-editor.default\">\n\t\t\t\t<div class=\"elementor-widget-container\">\n\t\t\t\t\t\t\t\t\t<p>Vous pouvez renforcer votre impact en contribuant au travail que nous faisons. Chaque don, m\u00eame modeste, nous aide \u00e0 proposer un soutien vital et \u00e0 am\u00e9liorer les r\u00e9sultats de sant\u00e9 pour les personnes atteintes d\u2019un trouble de la coagulation.<\/p>\n\t\t\t\t\t\t\t\t<\/div>\n\t\t\t\t<\/div>\n\t\t\t\t<div class=\"elementor-element elementor-element-9767311 elementor-widget elementor-widget-image\" data-id=\"9767311\" data-element_type=\"widget\" data-e-type=\"widget\" data-widget_type=\"image.default\">\n\t\t\t\t<div class=\"elementor-widget-container\">\n\t\t\t\t\t\t\t\t\t\t\t\t\t\t\t\t<a href=\"https:\/\/give.wfh.org\/?_ga=2.44003877.169210460.1733156985-1306973100.1711648744\" target=\"_blank\">\n\t\t\t\t\t\t\t<img fetchpriority=\"high\" decoding=\"async\" width=\"1200\" height=\"200\" src=\"https:\/\/wfh.org\/wp-content\/uploads\/2023\/03\/Donate-give-banner-philanthropy-FR.jpg\" class=\"attachment-full size-full wp-image-59403\" alt=\"\" srcset=\"https:\/\/wfh.org\/wp-content\/uploads\/2023\/03\/Donate-give-banner-philanthropy-FR.jpg 1200w, https:\/\/wfh.org\/wp-content\/uploads\/2023\/03\/Donate-give-banner-philanthropy-FR-192x32.jpg 192w, https:\/\/wfh.org\/wp-content\/uploads\/2023\/03\/Donate-give-banner-philanthropy-FR-768x128.jpg 768w\" sizes=\"(max-width: 1200px) 100vw, 1200px\" \/>\t\t\t\t\t\t\t\t<\/a>\n\t\t\t\t\t\t\t\t\t\t\t\t\t\t\t<\/div>\n\t\t\t\t<\/div>\n\t\t\t\t\t<\/div>\n\t\t<\/div>\n\t\t\t\t\t<\/div>\n\t\t<\/section>\n\t\t\t\t<\/div>\n\t\t","protected":false},"excerpt":{"rendered":"<p>Aujourd\u2019hui, c\u2019est la Journ\u00e9e internationale des b\u00e9n\u00e9voles, et la F\u00e9d\u00e9ration mondiale de l\u2019h\u00e9mophilie (FMH) tient \u00e0 exprimer sa profonde gratitude pour le temps, la passion et les efforts incroyables que nos b\u00e9n\u00e9voles consacrent \u00e0 notre vision commune du Traitement pour tous. Leur engagement et leur travail acharn\u00e9 font toute la diff\u00e9rence pour la communaut\u00e9 mondiale des troubles de la coagulation, et nous appr\u00e9cions \u00e9norm\u00e9ment tout ce qu\u2019ils et elles nous apportent.<\/p>\n","protected":false},"author":13,"featured_media":65151,"comment_status":"closed","ping_status":"closed","sticky":false,"template":"","format":"standard","meta":{"inline_featured_image":false,"footnotes":""},"categories":[180],"tags":[],"search-category":[85],"class_list":["post-129739","post","type-post","status-publish","format-standard","has-post-thumbnail","hentry","category-philanthropie","search-category-article"],"yoast_head":"<!-- This site is optimized with the Yoast SEO Premium plugin v27.2 (Yoast SEO v27.2) - https:\/\/yoast.com\/product\/yoast-seo-premium-wordpress\/ -->\n<title>La FMH f\u00eate la Journ\u00e9e internationale des b\u00e9n\u00e9voles ! | FMH - F\u00e9d\u00e9ration mondiale de l\u2019h\u00e9mophilie<\/title>\n<meta name=\"robots\" content=\"index, follow, max-snippet:-1, max-image-preview:large, max-video-preview:-1\" \/>\n<link rel=\"canonical\" href=\"https:\/\/wfh.org\/fr\/article\/la-fmh-fete-la-journee-internationale-des-benevoles\/\" \/>\n<meta property=\"og:locale\" content=\"fr_FR\" \/>\n<meta property=\"og:type\" content=\"article\" \/>\n<meta property=\"og:title\" content=\"La FMH f\u00eate la Journ\u00e9e internationale des b\u00e9n\u00e9voles !\" \/>\n<meta property=\"og:description\" content=\"Aujourd\u2019hui, c\u2019est la Journ\u00e9e internationale des b\u00e9n\u00e9voles, et la F\u00e9d\u00e9ration mondiale de l\u2019h\u00e9mophilie (FMH) tient \u00e0 exprimer sa profonde gratitude pour le temps, la passion et les efforts incroyables que nos b\u00e9n\u00e9voles consacrent \u00e0 notre vision commune du Traitement pour tous. Leur engagement et leur travail acharn\u00e9 font toute la diff\u00e9rence pour la communaut\u00e9 mondiale des troubles de la coagulation, et nous appr\u00e9cions \u00e9norm\u00e9ment tout ce qu\u2019ils et elles nous apportent.\" \/>\n<meta property=\"og:url\" content=\"https:\/\/wfh.org\/fr\/article\/la-fmh-fete-la-journee-internationale-des-benevoles\/\" \/>\n<meta property=\"og:site_name\" content=\"FMH - F\u00e9d\u00e9ration mondiale de l\u2019h\u00e9mophilie\" \/>\n<meta property=\"article:publisher\" content=\"https:\/\/www.facebook.com\/wfhemophilia\/\" \/>\n<meta property=\"article:published_time\" content=\"2024-12-05T14:00:10+00:00\" \/>\n<meta property=\"article:modified_time\" content=\"2024-12-05T22:08:16+00:00\" \/>\n<meta property=\"og:image\" content=\"https:\/\/wfh.org\/wp-content\/uploads\/2023\/04\/Volunteer-article-header.jpg\" \/>\n\t<meta property=\"og:image:width\" content=\"1200\" \/>\n\t<meta property=\"og:image:height\" content=\"627\" \/>\n\t<meta property=\"og:image:type\" content=\"image\/jpeg\" \/>\n<meta name=\"author\" content=\"Mitch Semienchuk\" \/>\n<meta name=\"twitter:card\" content=\"summary_large_image\" \/>\n<meta name=\"twitter:label1\" content=\"\u00c9crit par\" \/>\n\t<meta name=\"twitter:data1\" content=\"Mitch Semienchuk\" \/>\n\t<meta name=\"twitter:label2\" content=\"Dur\u00e9e de lecture estim\u00e9e\" \/>\n\t<meta name=\"twitter:data2\" content=\"1 minute\" \/>\n<script type=\"application\/ld+json\" class=\"yoast-schema-graph\">{\"@context\":\"https:\/\/schema.org\",\"@graph\":[{\"@type\":\"Article\",\"@id\":\"https:\/\/wfh.org\/fr\/article\/la-fmh-fete-la-journee-internationale-des-benevoles\/#article\",\"isPartOf\":{\"@id\":\"https:\/\/wfh.org\/fr\/article\/la-fmh-fete-la-journee-internationale-des-benevoles\/\"},\"author\":{\"name\":\"Mitch Semienchuk\",\"@id\":\"https:\/\/wfh.org\/fr\/#\/schema\/person\/4aea5b13c1966452a640eef39423925b\"},\"headline\":\"La FMH f\u00eate la Journ\u00e9e internationale des b\u00e9n\u00e9voles !\",\"datePublished\":\"2024-12-05T14:00:10+00:00\",\"dateModified\":\"2024-12-05T22:08:16+00:00\",\"mainEntityOfPage\":{\"@id\":\"https:\/\/wfh.org\/fr\/article\/la-fmh-fete-la-journee-internationale-des-benevoles\/\"},\"wordCount\":159,\"publisher\":{\"@id\":\"https:\/\/wfh.org\/fr\/#organization\"},\"image\":{\"@id\":\"https:\/\/wfh.org\/fr\/article\/la-fmh-fete-la-journee-internationale-des-benevoles\/#primaryimage\"},\"thumbnailUrl\":\"https:\/\/wfh.org\/wp-content\/uploads\/2023\/04\/Volunteer-article-header.jpg\",\"articleSection\":[\"Philanthropie\"],\"inLanguage\":\"fr-FR\"},{\"@type\":\"WebPage\",\"@id\":\"https:\/\/wfh.org\/fr\/article\/la-fmh-fete-la-journee-internationale-des-benevoles\/\",\"url\":\"https:\/\/wfh.org\/fr\/article\/la-fmh-fete-la-journee-internationale-des-benevoles\/\",\"name\":\"La FMH f\u00eate la Journ\u00e9e internationale des b\u00e9n\u00e9voles ! | FMH - F\u00e9d\u00e9ration mondiale de l\u2019h\u00e9mophilie\",\"isPartOf\":{\"@id\":\"https:\/\/wfh.org\/fr\/#website\"},\"primaryImageOfPage\":{\"@id\":\"https:\/\/wfh.org\/fr\/article\/la-fmh-fete-la-journee-internationale-des-benevoles\/#primaryimage\"},\"image\":{\"@id\":\"https:\/\/wfh.org\/fr\/article\/la-fmh-fete-la-journee-internationale-des-benevoles\/#primaryimage\"},\"thumbnailUrl\":\"https:\/\/wfh.org\/wp-content\/uploads\/2023\/04\/Volunteer-article-header.jpg\",\"datePublished\":\"2024-12-05T14:00:10+00:00\",\"dateModified\":\"2024-12-05T22:08:16+00:00\",\"inLanguage\":\"fr-FR\",\"potentialAction\":[{\"@type\":\"ReadAction\",\"target\":[\"https:\/\/wfh.org\/fr\/article\/la-fmh-fete-la-journee-internationale-des-benevoles\/\"]}]},{\"@type\":\"ImageObject\",\"inLanguage\":\"fr-FR\",\"@id\":\"https:\/\/wfh.org\/fr\/article\/la-fmh-fete-la-journee-internationale-des-benevoles\/#primaryimage\",\"url\":\"https:\/\/wfh.org\/wp-content\/uploads\/2023\/04\/Volunteer-article-header.jpg\",\"contentUrl\":\"https:\/\/wfh.org\/wp-content\/uploads\/2023\/04\/Volunteer-article-header.jpg\",\"width\":1200,\"height\":627,\"caption\":\"stock\"},{\"@type\":\"WebSite\",\"@id\":\"https:\/\/wfh.org\/fr\/#website\",\"url\":\"https:\/\/wfh.org\/fr\/\",\"name\":\"FMH - F\u00e9d\u00e9ration mondiale de l\u2019h\u00e9mophilie\",\"description\":\"WFH - World Federation of Hemophilia\",\"publisher\":{\"@id\":\"https:\/\/wfh.org\/fr\/#organization\"},\"potentialAction\":[{\"@type\":\"SearchAction\",\"target\":{\"@type\":\"EntryPoint\",\"urlTemplate\":\"https:\/\/wfh.org\/fr\/?s={search_term_string}\"},\"query-input\":{\"@type\":\"PropertyValueSpecification\",\"valueRequired\":true,\"valueName\":\"search_term_string\"}}],\"inLanguage\":\"fr-FR\"},{\"@type\":\"Organization\",\"@id\":\"https:\/\/wfh.org\/fr\/#organization\",\"name\":\"World Federation of Hemophilia\",\"url\":\"https:\/\/wfh.org\/fr\/\",\"logo\":{\"@type\":\"ImageObject\",\"inLanguage\":\"fr-FR\",\"@id\":\"https:\/\/wfh.org\/fr\/#\/schema\/logo\/image\/\",\"url\":\"https:\/\/wfh.org\/wp-content\/uploads\/2021\/10\/WFH-LOGO-ENGLISH.svg\",\"contentUrl\":\"https:\/\/wfh.org\/wp-content\/uploads\/2021\/10\/WFH-LOGO-ENGLISH.svg\",\"width\":210,\"height\":63,\"caption\":\"World Federation of Hemophilia\"},\"image\":{\"@id\":\"https:\/\/wfh.org\/fr\/#\/schema\/logo\/image\/\"},\"sameAs\":[\"https:\/\/www.facebook.com\/wfhemophilia\/\"]},{\"@type\":\"Person\",\"@id\":\"https:\/\/wfh.org\/fr\/#\/schema\/person\/4aea5b13c1966452a640eef39423925b\",\"name\":\"Mitch Semienchuk\",\"sameAs\":[\"analytics\"]}]}<\/script>\n<!-- \/ Yoast SEO Premium plugin. -->","yoast_head_json":{"title":"La FMH f\u00eate la Journ\u00e9e internationale des b\u00e9n\u00e9voles ! | FMH - F\u00e9d\u00e9ration mondiale de l\u2019h\u00e9mophilie","robots":{"index":"index","follow":"follow","max-snippet":"max-snippet:-1","max-image-preview":"max-image-preview:large","max-video-preview":"max-video-preview:-1"},"canonical":"https:\/\/wfh.org\/fr\/article\/la-fmh-fete-la-journee-internationale-des-benevoles\/","og_locale":"fr_FR","og_type":"article","og_title":"La FMH f\u00eate la Journ\u00e9e internationale des b\u00e9n\u00e9voles !","og_description":"Aujourd\u2019hui, c\u2019est la Journ\u00e9e internationale des b\u00e9n\u00e9voles, et la F\u00e9d\u00e9ration mondiale de l\u2019h\u00e9mophilie (FMH) tient \u00e0 exprimer sa profonde gratitude pour le temps, la passion et les efforts incroyables que nos b\u00e9n\u00e9voles consacrent \u00e0 notre vision commune du Traitement pour tous. Leur engagement et leur travail acharn\u00e9 font toute la diff\u00e9rence pour la communaut\u00e9 mondiale des troubles de la coagulation, et nous appr\u00e9cions \u00e9norm\u00e9ment tout ce qu\u2019ils et elles nous apportent.","og_url":"https:\/\/wfh.org\/fr\/article\/la-fmh-fete-la-journee-internationale-des-benevoles\/","og_site_name":"FMH - F\u00e9d\u00e9ration mondiale de l\u2019h\u00e9mophilie","article_publisher":"https:\/\/www.facebook.com\/wfhemophilia\/","article_published_time":"2024-12-05T14:00:10+00:00","article_modified_time":"2024-12-05T22:08:16+00:00","og_image":[{"width":1200,"height":627,"url":"https:\/\/wfh.org\/wp-content\/uploads\/2023\/04\/Volunteer-article-header.jpg","type":"image\/jpeg"}],"author":"Mitch Semienchuk","twitter_card":"summary_large_image","twitter_misc":{"\u00c9crit par":"Mitch Semienchuk","Dur\u00e9e de lecture estim\u00e9e":"1 minute"},"schema":{"@context":"https:\/\/schema.org","@graph":[{"@type":"Article","@id":"https:\/\/wfh.org\/fr\/article\/la-fmh-fete-la-journee-internationale-des-benevoles\/#article","isPartOf":{"@id":"https:\/\/wfh.org\/fr\/article\/la-fmh-fete-la-journee-internationale-des-benevoles\/"},"author":{"name":"Mitch Semienchuk","@id":"https:\/\/wfh.org\/fr\/#\/schema\/person\/4aea5b13c1966452a640eef39423925b"},"headline":"La FMH f\u00eate la Journ\u00e9e internationale des b\u00e9n\u00e9voles !","datePublished":"2024-12-05T14:00:10+00:00","dateModified":"2024-12-05T22:08:16+00:00","mainEntityOfPage":{"@id":"https:\/\/wfh.org\/fr\/article\/la-fmh-fete-la-journee-internationale-des-benevoles\/"},"wordCount":159,"publisher":{"@id":"https:\/\/wfh.org\/fr\/#organization"},"image":{"@id":"https:\/\/wfh.org\/fr\/article\/la-fmh-fete-la-journee-internationale-des-benevoles\/#primaryimage"},"thumbnailUrl":"https:\/\/wfh.org\/wp-content\/uploads\/2023\/04\/Volunteer-article-header.jpg","articleSection":["Philanthropie"],"inLanguage":"fr-FR"},{"@type":"WebPage","@id":"https:\/\/wfh.org\/fr\/article\/la-fmh-fete-la-journee-internationale-des-benevoles\/","url":"https:\/\/wfh.org\/fr\/article\/la-fmh-fete-la-journee-internationale-des-benevoles\/","name":"La FMH f\u00eate la Journ\u00e9e internationale des b\u00e9n\u00e9voles ! | FMH - F\u00e9d\u00e9ration mondiale de l\u2019h\u00e9mophilie","isPartOf":{"@id":"https:\/\/wfh.org\/fr\/#website"},"primaryImageOfPage":{"@id":"https:\/\/wfh.org\/fr\/article\/la-fmh-fete-la-journee-internationale-des-benevoles\/#primaryimage"},"image":{"@id":"https:\/\/wfh.org\/fr\/article\/la-fmh-fete-la-journee-internationale-des-benevoles\/#primaryimage"},"thumbnailUrl":"https:\/\/wfh.org\/wp-content\/uploads\/2023\/04\/Volunteer-article-header.jpg","datePublished":"2024-12-05T14:00:10+00:00","dateModified":"2024-12-05T22:08:16+00:00","inLanguage":"fr-FR","potentialAction":[{"@type":"ReadAction","target":["https:\/\/wfh.org\/fr\/article\/la-fmh-fete-la-journee-internationale-des-benevoles\/"]}]},{"@type":"ImageObject","inLanguage":"fr-FR","@id":"https:\/\/wfh.org\/fr\/article\/la-fmh-fete-la-journee-internationale-des-benevoles\/#primaryimage","url":"https:\/\/wfh.org\/wp-content\/uploads\/2023\/04\/Volunteer-article-header.jpg","contentUrl":"https:\/\/wfh.org\/wp-content\/uploads\/2023\/04\/Volunteer-article-header.jpg","width":1200,"height":627,"caption":"stock"},{"@type":"WebSite","@id":"https:\/\/wfh.org\/fr\/#website","url":"https:\/\/wfh.org\/fr\/","name":"FMH - F\u00e9d\u00e9ration mondiale de l\u2019h\u00e9mophilie","description":"WFH - World Federation of Hemophilia","publisher":{"@id":"https:\/\/wfh.org\/fr\/#organization"},"potentialAction":[{"@type":"SearchAction","target":{"@type":"EntryPoint","urlTemplate":"https:\/\/wfh.org\/fr\/?s={search_term_string}"},"query-input":{"@type":"PropertyValueSpecification","valueRequired":true,"valueName":"search_term_string"}}],"inLanguage":"fr-FR"},{"@type":"Organization","@id":"https:\/\/wfh.org\/fr\/#organization","name":"World Federation of Hemophilia","url":"https:\/\/wfh.org\/fr\/","logo":{"@type":"ImageObject","inLanguage":"fr-FR","@id":"https:\/\/wfh.org\/fr\/#\/schema\/logo\/image\/","url":"https:\/\/wfh.org\/wp-content\/uploads\/2021\/10\/WFH-LOGO-ENGLISH.svg","contentUrl":"https:\/\/wfh.org\/wp-content\/uploads\/2021\/10\/WFH-LOGO-ENGLISH.svg","width":210,"height":63,"caption":"World Federation of Hemophilia"},"image":{"@id":"https:\/\/wfh.org\/fr\/#\/schema\/logo\/image\/"},"sameAs":["https:\/\/www.facebook.com\/wfhemophilia\/"]},{"@type":"Person","@id":"https:\/\/wfh.org\/fr\/#\/schema\/person\/4aea5b13c1966452a640eef39423925b","name":"Mitch Semienchuk","sameAs":["analytics"]}]}},"_links":{"self":[{"href":"https:\/\/wfh.org\/fr\/wp-json\/wp\/v2\/posts\/129739","targetHints":{"allow":["GET"]}}],"collection":[{"href":"https:\/\/wfh.org\/fr\/wp-json\/wp\/v2\/posts"}],"about":[{"href":"https:\/\/wfh.org\/fr\/wp-json\/wp\/v2\/types\/post"}],"author":[{"embeddable":true,"href":"https:\/\/wfh.org\/fr\/wp-json\/wp\/v2\/users\/13"}],"replies":[{"embeddable":true,"href":"https:\/\/wfh.org\/fr\/wp-json\/wp\/v2\/comments?post=129739"}],"version-history":[{"count":0,"href":"https:\/\/wfh.org\/fr\/wp-json\/wp\/v2\/posts\/129739\/revisions"}],"wp:featuredmedia":[{"embeddable":true,"href":"https:\/\/wfh.org\/fr\/wp-json\/wp\/v2\/media\/65151"}],"wp:attachment":[{"href":"https:\/\/wfh.org\/fr\/wp-json\/wp\/v2\/media?parent=129739"}],"wp:term":[{"taxonomy":"category","embeddable":true,"href":"https:\/\/wfh.org\/fr\/wp-json\/wp\/v2\/categories?post=129739"},{"taxonomy":"post_tag","embeddable":true,"href":"https:\/\/wfh.org\/fr\/wp-json\/wp\/v2\/tags?post=129739"},{"taxonomy":"search-category","embeddable":true,"href":"https:\/\/wfh.org\/fr\/wp-json\/wp\/v2\/search-category?post=129739"}],"curies":[{"name":"wp","href":"https:\/\/api.w.org\/{rel}","templated":true}]}}