{"id":12217,"date":"2021-04-06T09:00:00","date_gmt":"2021-04-06T13:00:00","guid":{"rendered":"https:\/\/wfh.org\/en-avril-lancement-dune-serie-de-webinaires-pedagogiques-sur-letat-des-connaissances-medicales\/"},"modified":"2024-04-22T09:13:59","modified_gmt":"2024-04-22T13:13:59","slug":"en-avril-lancement-dune-serie-de-webinaires-pedagogiques-sur-letat-des-connaissances-medicales","status":"publish","type":"post","link":"https:\/\/wfh.org\/fr\/article\/en-avril-lancement-dune-serie-de-webinaires-pedagogiques-sur-letat-des-connaissances-medicales\/","title":{"rendered":"En avril, lancement d\u2019une s\u00e9rie de webinaires p\u00e9dagogiques sur l\u2019\u00e9tat des connaissances m\u00e9dicales"},"content":{"rendered":"\t\t<div data-elementor-type=\"wp-post\" data-elementor-id=\"12217\" class=\"elementor elementor-12217 elementor-3818\" data-elementor-post-type=\"post\">\n\t\t\t\t\t\t<section class=\"elementor-section elementor-top-section elementor-element elementor-element-81cb9a4 elementor-section-boxed elementor-section-height-default elementor-section-height-default\" data-id=\"81cb9a4\" data-element_type=\"section\" data-e-type=\"section\">\n\t\t\t\t\t\t<div class=\"elementor-container elementor-column-gap-default\">\n\t\t\t\t\t<div class=\"elementor-column elementor-col-100 elementor-top-column elementor-element elementor-element-2eb97c3\" data-id=\"2eb97c3\" data-element_type=\"column\" data-e-type=\"column\">\n\t\t\t<div class=\"elementor-widget-wrap elementor-element-populated\">\n\t\t\t\t\t\t<div class=\"elementor-element elementor-element-6eae39b elementor-widget elementor-widget-text-editor\" data-id=\"6eae39b\" data-element_type=\"widget\" data-e-type=\"widget\" data-widget_type=\"text-editor.default\">\n\t\t\t\t<div class=\"elementor-widget-container\">\n\t\t\t\t\t\t\t\t\t<p>Le jeudi 22 avril 2021, de 8 h \u00e0 10 h (heure de Montr\u00e9al), rejoignez-nous pour une s\u00e9rie de webinaires p\u00e9dagogiques sur l\u2019\u00e9tat des connaissances m\u00e9dicales sur des th\u00e8mes g\u00e9n\u00e9raux en lien avec les troubles de la coagulation. Cet \u00e9v\u00e9nement, qui sera le premier d\u2019une s\u00e9rie, donnera aux participant\u00b7es l\u2019occasion d\u2019entendre des informations pratiques sur les troubles de la coagulation, comme les sujets \u00e0 aborder au cours d\u2019une consultation de 20 minutes (\u00e0 la fois du point de vue g\u00e9n\u00e9ral et musculosquelettique), les questions et difficult\u00e9s actuelles rencontr\u00e9es par les laboratoires, la fabrication des traitements des troubles de la coagulation, les nouveaut\u00e9s en ce qui concerne les agents de r\u00e9\u00e9quilibrage, et les essais sur la chromog\u00e9nie. Les pr\u00e9sentations seront suivies par une session de questions. Ce webinaire s\u2019adresse aux personnes atteintes d\u2019un trouble de la coagulation et aux professionnel\u00b7les de sant\u00e9. Les pr\u00e9sentations se feront en anglais, et seront interpr\u00e9t\u00e9es simultan\u00e9ment en arabe, espagnol, fran\u00e7ais et russe.<\/p>\n<p>Pour vous inscrire,\u00a0<a href=\"https:\/\/us02web.zoom.us\/webinar\/register\/WN_N0NY1eGOTWqdT9yPir2FRA\" target=\"_blank\" rel=\"noopener noreferrer\">cliquez ici<\/a>.<\/p>\n<p>La session du 22 avril 2021 sera la premi\u00e8re d\u2019une s\u00e9rie de quatre. Les suivantes se tiendront\u00a0:<\/p>\n\t\t\t\t\t\t\t\t<\/div>\n\t\t\t\t<\/div>\n\t\t\t\t<div class=\"elementor-element elementor-element-b2da118 elementor-widget elementor-widget-text-editor\" data-id=\"b2da118\" data-element_type=\"widget\" data-e-type=\"widget\" data-widget_type=\"text-editor.default\">\n\t\t\t\t<div class=\"elementor-widget-container\">\n\t\t\t\t\t\t\t\t\t<ul>\n<li>le mardi 27 juillet 2021, de 8 h \u00e0 10 h (heure de Montr\u00e9al)<\/li>\n<li>le mardi 12 octobre 2021, de 8 h \u00e0 10 h (heure de Montr\u00e9al)<\/li>\n<li>le jeudi 16 d\u00e9cembre 2021, de 8 h \u00e0 10 h (heure de Montr\u00e9al)<\/li>\n<\/ul>\n\t\t\t\t\t\t\t\t<\/div>\n\t\t\t\t<\/div>\n\t\t\t\t<div class=\"elementor-element elementor-element-ce9829f elementor-widget elementor-widget-text-editor\" data-id=\"ce9829f\" data-element_type=\"widget\" data-e-type=\"widget\" data-widget_type=\"text-editor.default\">\n\t\t\t\t<div class=\"elementor-widget-container\">\n\t\t\t\t\t\t\t\t\t<p><a href=\"https:\/\/us02web.zoom.us\/webinar\/register\/WN_N0NY1eGOTWqdT9yPir2FRA\" target=\"_blank\" rel=\"noopener noreferrer\">Inscrivez-vous d\u00e8s maintenant\u00a0!<\/a><\/p>\n\t\t\t\t\t\t\t\t<\/div>\n\t\t\t\t<\/div>\n\t\t\t\t\t<\/div>\n\t\t<\/div>\n\t\t\t\t\t<\/div>\n\t\t<\/section>\n\t\t\t\t<\/div>\n\t\t","protected":false},"excerpt":{"rendered":"<p>Le jeudi 22 avril 2021, de 8 h \u00e0 10 h (heure de Montr\u00e9al), rejoignez-nous pour une s\u00e9rie de webinaires p\u00e9dagogiques sur l\u2019\u00e9tat des connaissances m\u00e9dicales sur des th\u00e8mes g\u00e9n\u00e9raux en lien avec les troubles de la coagulation. <\/p>\n","protected":false},"author":3,"featured_media":19564,"comment_status":"closed","ping_status":"closed","sticky":false,"template":"","format":"standard","meta":{"inline_featured_image":false,"footnotes":""},"categories":[178,114,189],"tags":[],"search-category":[85],"class_list":["post-12217","post","type-post","status-publish","format-standard","has-post-thumbnail","hentry","category-ateliers-medicaux","category-education-fr","category-evenements","search-category-article"],"yoast_head":"<!-- This site is optimized with the Yoast SEO Premium plugin v27.2 (Yoast SEO v27.2) - https:\/\/yoast.com\/product\/yoast-seo-premium-wordpress\/ -->\n<title>En avril, lancement d\u2019une s\u00e9rie de webinaires p\u00e9dagogiques sur l\u2019\u00e9tat des connaissances m\u00e9dicales | FMH - F\u00e9d\u00e9ration mondiale de l\u2019h\u00e9mophilie<\/title>\n<meta name=\"robots\" content=\"index, follow, max-snippet:-1, max-image-preview:large, max-video-preview:-1\" \/>\n<link rel=\"canonical\" href=\"https:\/\/wfh.org\/fr\/article\/en-avril-lancement-dune-serie-de-webinaires-pedagogiques-sur-letat-des-connaissances-medicales\/\" \/>\n<meta property=\"og:locale\" content=\"fr_FR\" \/>\n<meta property=\"og:type\" content=\"article\" \/>\n<meta property=\"og:title\" content=\"En avril, lancement d\u2019une s\u00e9rie de webinaires p\u00e9dagogiques sur l\u2019\u00e9tat des connaissances m\u00e9dicales\" \/>\n<meta property=\"og:description\" content=\"Le jeudi 22 avril 2021, de 8 h \u00e0 10 h (heure de Montr\u00e9al), rejoignez-nous pour une s\u00e9rie de webinaires p\u00e9dagogiques sur l\u2019\u00e9tat des connaissances m\u00e9dicales sur des th\u00e8mes g\u00e9n\u00e9raux en lien avec les troubles de la coagulation.\" \/>\n<meta property=\"og:url\" content=\"https:\/\/wfh.org\/fr\/article\/en-avril-lancement-dune-serie-de-webinaires-pedagogiques-sur-letat-des-connaissances-medicales\/\" \/>\n<meta property=\"og:site_name\" content=\"FMH - F\u00e9d\u00e9ration mondiale de l\u2019h\u00e9mophilie\" \/>\n<meta property=\"article:publisher\" content=\"https:\/\/www.facebook.com\/wfhemophilia\/\" \/>\n<meta property=\"article:published_time\" content=\"2021-04-06T13:00:00+00:00\" \/>\n<meta property=\"article:modified_time\" content=\"2024-04-22T13:13:59+00:00\" \/>\n<meta property=\"og:image\" content=\"https:\/\/wfh.org\/wp-content\/uploads\/2022\/01\/Placeholder-Result-V1.png\" \/>\n\t<meta property=\"og:image:width\" content=\"1920\" \/>\n\t<meta property=\"og:image:height\" content=\"1080\" \/>\n\t<meta property=\"og:image:type\" content=\"image\/png\" \/>\n<meta name=\"author\" content=\"Electra Rozakis\" \/>\n<meta name=\"twitter:card\" content=\"summary_large_image\" \/>\n<meta name=\"twitter:label1\" content=\"\u00c9crit par\" \/>\n\t<meta name=\"twitter:data1\" content=\"Electra Rozakis\" \/>\n\t<meta name=\"twitter:label2\" content=\"Dur\u00e9e de lecture estim\u00e9e\" \/>\n\t<meta name=\"twitter:data2\" content=\"1 minute\" \/>\n<script type=\"application\/ld+json\" class=\"yoast-schema-graph\">{\"@context\":\"https:\/\/schema.org\",\"@graph\":[{\"@type\":\"Article\",\"@id\":\"https:\/\/wfh.org\/fr\/article\/en-avril-lancement-dune-serie-de-webinaires-pedagogiques-sur-letat-des-connaissances-medicales\/#article\",\"isPartOf\":{\"@id\":\"https:\/\/wfh.org\/fr\/article\/en-avril-lancement-dune-serie-de-webinaires-pedagogiques-sur-letat-des-connaissances-medicales\/\"},\"author\":{\"name\":\"Electra Rozakis\",\"@id\":\"https:\/\/wfh.org\/fr\/#\/schema\/person\/622f4b0ed56b8e4a987dd20bef774887\"},\"headline\":\"En avril, lancement d\u2019une s\u00e9rie de webinaires p\u00e9dagogiques sur l\u2019\u00e9tat des connaissances m\u00e9dicales\",\"datePublished\":\"2021-04-06T13:00:00+00:00\",\"dateModified\":\"2024-04-22T13:13:59+00:00\",\"mainEntityOfPage\":{\"@id\":\"https:\/\/wfh.org\/fr\/article\/en-avril-lancement-dune-serie-de-webinaires-pedagogiques-sur-letat-des-connaissances-medicales\/\"},\"wordCount\":256,\"publisher\":{\"@id\":\"https:\/\/wfh.org\/fr\/#organization\"},\"image\":{\"@id\":\"https:\/\/wfh.org\/fr\/article\/en-avril-lancement-dune-serie-de-webinaires-pedagogiques-sur-letat-des-connaissances-medicales\/#primaryimage\"},\"thumbnailUrl\":\"https:\/\/wfh.org\/wp-content\/uploads\/2022\/01\/Placeholder-Result-V1.png\",\"articleSection\":[\"Ateliers m\u00e9dicaux\",\"\u00c9ducation\",\"\u00c9v\u00e9nements\"],\"inLanguage\":\"fr-FR\"},{\"@type\":\"WebPage\",\"@id\":\"https:\/\/wfh.org\/fr\/article\/en-avril-lancement-dune-serie-de-webinaires-pedagogiques-sur-letat-des-connaissances-medicales\/\",\"url\":\"https:\/\/wfh.org\/fr\/article\/en-avril-lancement-dune-serie-de-webinaires-pedagogiques-sur-letat-des-connaissances-medicales\/\",\"name\":\"En avril, lancement d\u2019une s\u00e9rie de webinaires p\u00e9dagogiques sur l\u2019\u00e9tat des connaissances m\u00e9dicales | FMH - F\u00e9d\u00e9ration mondiale de l\u2019h\u00e9mophilie\",\"isPartOf\":{\"@id\":\"https:\/\/wfh.org\/fr\/#website\"},\"primaryImageOfPage\":{\"@id\":\"https:\/\/wfh.org\/fr\/article\/en-avril-lancement-dune-serie-de-webinaires-pedagogiques-sur-letat-des-connaissances-medicales\/#primaryimage\"},\"image\":{\"@id\":\"https:\/\/wfh.org\/fr\/article\/en-avril-lancement-dune-serie-de-webinaires-pedagogiques-sur-letat-des-connaissances-medicales\/#primaryimage\"},\"thumbnailUrl\":\"https:\/\/wfh.org\/wp-content\/uploads\/2022\/01\/Placeholder-Result-V1.png\",\"datePublished\":\"2021-04-06T13:00:00+00:00\",\"dateModified\":\"2024-04-22T13:13:59+00:00\",\"inLanguage\":\"fr-FR\",\"potentialAction\":[{\"@type\":\"ReadAction\",\"target\":[\"https:\/\/wfh.org\/fr\/article\/en-avril-lancement-dune-serie-de-webinaires-pedagogiques-sur-letat-des-connaissances-medicales\/\"]}]},{\"@type\":\"ImageObject\",\"inLanguage\":\"fr-FR\",\"@id\":\"https:\/\/wfh.org\/fr\/article\/en-avril-lancement-dune-serie-de-webinaires-pedagogiques-sur-letat-des-connaissances-medicales\/#primaryimage\",\"url\":\"https:\/\/wfh.org\/wp-content\/uploads\/2022\/01\/Placeholder-Result-V1.png\",\"contentUrl\":\"https:\/\/wfh.org\/wp-content\/uploads\/2022\/01\/Placeholder-Result-V1.png\",\"width\":1920,\"height\":1080},{\"@type\":\"WebSite\",\"@id\":\"https:\/\/wfh.org\/fr\/#website\",\"url\":\"https:\/\/wfh.org\/fr\/\",\"name\":\"FMH - F\u00e9d\u00e9ration mondiale de l\u2019h\u00e9mophilie\",\"description\":\"WFH - World Federation of Hemophilia\",\"publisher\":{\"@id\":\"https:\/\/wfh.org\/fr\/#organization\"},\"potentialAction\":[{\"@type\":\"SearchAction\",\"target\":{\"@type\":\"EntryPoint\",\"urlTemplate\":\"https:\/\/wfh.org\/fr\/?s={search_term_string}\"},\"query-input\":{\"@type\":\"PropertyValueSpecification\",\"valueRequired\":true,\"valueName\":\"search_term_string\"}}],\"inLanguage\":\"fr-FR\"},{\"@type\":\"Organization\",\"@id\":\"https:\/\/wfh.org\/fr\/#organization\",\"name\":\"World Federation of Hemophilia\",\"url\":\"https:\/\/wfh.org\/fr\/\",\"logo\":{\"@type\":\"ImageObject\",\"inLanguage\":\"fr-FR\",\"@id\":\"https:\/\/wfh.org\/fr\/#\/schema\/logo\/image\/\",\"url\":\"https:\/\/wfh.org\/wp-content\/uploads\/2021\/10\/WFH-LOGO-ENGLISH.svg\",\"contentUrl\":\"https:\/\/wfh.org\/wp-content\/uploads\/2021\/10\/WFH-LOGO-ENGLISH.svg\",\"width\":210,\"height\":63,\"caption\":\"World Federation of Hemophilia\"},\"image\":{\"@id\":\"https:\/\/wfh.org\/fr\/#\/schema\/logo\/image\/\"},\"sameAs\":[\"https:\/\/www.facebook.com\/wfhemophilia\/\"]},{\"@type\":\"Person\",\"@id\":\"https:\/\/wfh.org\/fr\/#\/schema\/person\/622f4b0ed56b8e4a987dd20bef774887\",\"name\":\"Electra Rozakis\"}]}<\/script>\n<!-- \/ Yoast SEO Premium plugin. -->","yoast_head_json":{"title":"En avril, lancement d\u2019une s\u00e9rie de webinaires p\u00e9dagogiques sur l\u2019\u00e9tat des connaissances m\u00e9dicales | FMH - F\u00e9d\u00e9ration mondiale de l\u2019h\u00e9mophilie","robots":{"index":"index","follow":"follow","max-snippet":"max-snippet:-1","max-image-preview":"max-image-preview:large","max-video-preview":"max-video-preview:-1"},"canonical":"https:\/\/wfh.org\/fr\/article\/en-avril-lancement-dune-serie-de-webinaires-pedagogiques-sur-letat-des-connaissances-medicales\/","og_locale":"fr_FR","og_type":"article","og_title":"En avril, lancement d\u2019une s\u00e9rie de webinaires p\u00e9dagogiques sur l\u2019\u00e9tat des connaissances m\u00e9dicales","og_description":"Le jeudi 22 avril 2021, de 8 h \u00e0 10 h (heure de Montr\u00e9al), rejoignez-nous pour une s\u00e9rie de webinaires p\u00e9dagogiques sur l\u2019\u00e9tat des connaissances m\u00e9dicales sur des th\u00e8mes g\u00e9n\u00e9raux en lien avec les troubles de la coagulation.","og_url":"https:\/\/wfh.org\/fr\/article\/en-avril-lancement-dune-serie-de-webinaires-pedagogiques-sur-letat-des-connaissances-medicales\/","og_site_name":"FMH - F\u00e9d\u00e9ration mondiale de l\u2019h\u00e9mophilie","article_publisher":"https:\/\/www.facebook.com\/wfhemophilia\/","article_published_time":"2021-04-06T13:00:00+00:00","article_modified_time":"2024-04-22T13:13:59+00:00","og_image":[{"width":1920,"height":1080,"url":"https:\/\/wfh.org\/wp-content\/uploads\/2022\/01\/Placeholder-Result-V1.png","type":"image\/png"}],"author":"Electra Rozakis","twitter_card":"summary_large_image","twitter_misc":{"\u00c9crit par":"Electra Rozakis","Dur\u00e9e de lecture estim\u00e9e":"1 minute"},"schema":{"@context":"https:\/\/schema.org","@graph":[{"@type":"Article","@id":"https:\/\/wfh.org\/fr\/article\/en-avril-lancement-dune-serie-de-webinaires-pedagogiques-sur-letat-des-connaissances-medicales\/#article","isPartOf":{"@id":"https:\/\/wfh.org\/fr\/article\/en-avril-lancement-dune-serie-de-webinaires-pedagogiques-sur-letat-des-connaissances-medicales\/"},"author":{"name":"Electra Rozakis","@id":"https:\/\/wfh.org\/fr\/#\/schema\/person\/622f4b0ed56b8e4a987dd20bef774887"},"headline":"En avril, lancement d\u2019une s\u00e9rie de webinaires p\u00e9dagogiques sur l\u2019\u00e9tat des connaissances m\u00e9dicales","datePublished":"2021-04-06T13:00:00+00:00","dateModified":"2024-04-22T13:13:59+00:00","mainEntityOfPage":{"@id":"https:\/\/wfh.org\/fr\/article\/en-avril-lancement-dune-serie-de-webinaires-pedagogiques-sur-letat-des-connaissances-medicales\/"},"wordCount":256,"publisher":{"@id":"https:\/\/wfh.org\/fr\/#organization"},"image":{"@id":"https:\/\/wfh.org\/fr\/article\/en-avril-lancement-dune-serie-de-webinaires-pedagogiques-sur-letat-des-connaissances-medicales\/#primaryimage"},"thumbnailUrl":"https:\/\/wfh.org\/wp-content\/uploads\/2022\/01\/Placeholder-Result-V1.png","articleSection":["Ateliers m\u00e9dicaux","\u00c9ducation","\u00c9v\u00e9nements"],"inLanguage":"fr-FR"},{"@type":"WebPage","@id":"https:\/\/wfh.org\/fr\/article\/en-avril-lancement-dune-serie-de-webinaires-pedagogiques-sur-letat-des-connaissances-medicales\/","url":"https:\/\/wfh.org\/fr\/article\/en-avril-lancement-dune-serie-de-webinaires-pedagogiques-sur-letat-des-connaissances-medicales\/","name":"En avril, lancement d\u2019une s\u00e9rie de webinaires p\u00e9dagogiques sur l\u2019\u00e9tat des connaissances m\u00e9dicales | FMH - F\u00e9d\u00e9ration mondiale de l\u2019h\u00e9mophilie","isPartOf":{"@id":"https:\/\/wfh.org\/fr\/#website"},"primaryImageOfPage":{"@id":"https:\/\/wfh.org\/fr\/article\/en-avril-lancement-dune-serie-de-webinaires-pedagogiques-sur-letat-des-connaissances-medicales\/#primaryimage"},"image":{"@id":"https:\/\/wfh.org\/fr\/article\/en-avril-lancement-dune-serie-de-webinaires-pedagogiques-sur-letat-des-connaissances-medicales\/#primaryimage"},"thumbnailUrl":"https:\/\/wfh.org\/wp-content\/uploads\/2022\/01\/Placeholder-Result-V1.png","datePublished":"2021-04-06T13:00:00+00:00","dateModified":"2024-04-22T13:13:59+00:00","inLanguage":"fr-FR","potentialAction":[{"@type":"ReadAction","target":["https:\/\/wfh.org\/fr\/article\/en-avril-lancement-dune-serie-de-webinaires-pedagogiques-sur-letat-des-connaissances-medicales\/"]}]},{"@type":"ImageObject","inLanguage":"fr-FR","@id":"https:\/\/wfh.org\/fr\/article\/en-avril-lancement-dune-serie-de-webinaires-pedagogiques-sur-letat-des-connaissances-medicales\/#primaryimage","url":"https:\/\/wfh.org\/wp-content\/uploads\/2022\/01\/Placeholder-Result-V1.png","contentUrl":"https:\/\/wfh.org\/wp-content\/uploads\/2022\/01\/Placeholder-Result-V1.png","width":1920,"height":1080},{"@type":"WebSite","@id":"https:\/\/wfh.org\/fr\/#website","url":"https:\/\/wfh.org\/fr\/","name":"FMH - F\u00e9d\u00e9ration mondiale de l\u2019h\u00e9mophilie","description":"WFH - World Federation of Hemophilia","publisher":{"@id":"https:\/\/wfh.org\/fr\/#organization"},"potentialAction":[{"@type":"SearchAction","target":{"@type":"EntryPoint","urlTemplate":"https:\/\/wfh.org\/fr\/?s={search_term_string}"},"query-input":{"@type":"PropertyValueSpecification","valueRequired":true,"valueName":"search_term_string"}}],"inLanguage":"fr-FR"},{"@type":"Organization","@id":"https:\/\/wfh.org\/fr\/#organization","name":"World Federation of Hemophilia","url":"https:\/\/wfh.org\/fr\/","logo":{"@type":"ImageObject","inLanguage":"fr-FR","@id":"https:\/\/wfh.org\/fr\/#\/schema\/logo\/image\/","url":"https:\/\/wfh.org\/wp-content\/uploads\/2021\/10\/WFH-LOGO-ENGLISH.svg","contentUrl":"https:\/\/wfh.org\/wp-content\/uploads\/2021\/10\/WFH-LOGO-ENGLISH.svg","width":210,"height":63,"caption":"World Federation of Hemophilia"},"image":{"@id":"https:\/\/wfh.org\/fr\/#\/schema\/logo\/image\/"},"sameAs":["https:\/\/www.facebook.com\/wfhemophilia\/"]},{"@type":"Person","@id":"https:\/\/wfh.org\/fr\/#\/schema\/person\/622f4b0ed56b8e4a987dd20bef774887","name":"Electra Rozakis"}]}},"_links":{"self":[{"href":"https:\/\/wfh.org\/fr\/wp-json\/wp\/v2\/posts\/12217","targetHints":{"allow":["GET"]}}],"collection":[{"href":"https:\/\/wfh.org\/fr\/wp-json\/wp\/v2\/posts"}],"about":[{"href":"https:\/\/wfh.org\/fr\/wp-json\/wp\/v2\/types\/post"}],"author":[{"embeddable":true,"href":"https:\/\/wfh.org\/fr\/wp-json\/wp\/v2\/users\/3"}],"replies":[{"embeddable":true,"href":"https:\/\/wfh.org\/fr\/wp-json\/wp\/v2\/comments?post=12217"}],"version-history":[{"count":0,"href":"https:\/\/wfh.org\/fr\/wp-json\/wp\/v2\/posts\/12217\/revisions"}],"wp:featuredmedia":[{"embeddable":true,"href":"https:\/\/wfh.org\/fr\/wp-json\/wp\/v2\/media\/19564"}],"wp:attachment":[{"href":"https:\/\/wfh.org\/fr\/wp-json\/wp\/v2\/media?parent=12217"}],"wp:term":[{"taxonomy":"category","embeddable":true,"href":"https:\/\/wfh.org\/fr\/wp-json\/wp\/v2\/categories?post=12217"},{"taxonomy":"post_tag","embeddable":true,"href":"https:\/\/wfh.org\/fr\/wp-json\/wp\/v2\/tags?post=12217"},{"taxonomy":"search-category","embeddable":true,"href":"https:\/\/wfh.org\/fr\/wp-json\/wp\/v2\/search-category?post=12217"}],"curies":[{"name":"wp","href":"https:\/\/api.w.org\/{rel}","templated":true}]}}