{"id":115843,"date":"2024-07-10T14:46:52","date_gmt":"2024-07-10T18:46:52","guid":{"rendered":"https:\/\/wfh.org\/article\/la-fmh-endeuillee-par-le-deces-de-neil-frick\/"},"modified":"2024-09-06T10:30:29","modified_gmt":"2024-09-06T14:30:29","slug":"la-fmh-endeuillee-par-le-deces-de-neil-frick","status":"publish","type":"post","link":"https:\/\/wfh.org\/fr\/article\/la-fmh-endeuillee-par-le-deces-de-neil-frick\/","title":{"rendered":"La FMH endeuill\u00e9e par le d\u00e9c\u00e8s de Neil Frick"},"content":{"rendered":"\t\t<div data-elementor-type=\"wp-post\" data-elementor-id=\"115843\" class=\"elementor elementor-115843 elementor-115067\" data-elementor-post-type=\"post\">\n\t\t\t\t\t\t<section class=\"elementor-section elementor-top-section elementor-element elementor-element-d3dff04 elementor-section-boxed elementor-section-height-default elementor-section-height-default\" data-id=\"d3dff04\" data-element_type=\"section\" data-e-type=\"section\">\n\t\t\t\t\t\t<div class=\"elementor-container elementor-column-gap-default\">\n\t\t\t\t\t<div class=\"elementor-column elementor-col-100 elementor-top-column elementor-element elementor-element-6d836f1\" data-id=\"6d836f1\" data-element_type=\"column\" data-e-type=\"column\">\n\t\t\t<div class=\"elementor-widget-wrap elementor-element-populated\">\n\t\t\t\t\t\t<div class=\"elementor-element elementor-element-d4b02c8 elementor-widget elementor-widget-text-editor\" data-id=\"d4b02c8\" data-element_type=\"widget\" data-e-type=\"widget\" data-widget_type=\"text-editor.default\">\n\t\t\t\t<div class=\"elementor-widget-container\">\n\t\t\t\t\t\t\t\t\t<p>Neil Frick a rejoint la NBDF en 1998 et a jou\u00e9 un r\u00f4le fondamental dans la poursuite de la mission de l\u2019organisation. Il a collabor\u00e9 avec la FMH dans le cadre de plusieurs initiatives, notamment lors du Congr\u00e8s mondial 2018 de la FMH \u00e0 Orlando (Floride, \u00c9tats-Unis), et dans le jumelage d\u2019associations de patient\u00b7es entre le Nigeria et les \u00c9tats-Unis de 2013 \u00e0 2016. Il \u00e9tait un partenaire d\u00e9vou\u00e9 de la FMH et de toute la communaut\u00e9.<\/p>\n<p>Au nom de toute la communaut\u00e9 mondiale des troubles de la coagulation, la FMH tient \u00e0 adresser ses plus sinc\u00e8res condol\u00e9ances \u00e0 toute la famille de Neil Frick, ainsi qu\u2019\u00e0 ses ami\u00b7es et coll\u00e8gues.<\/p>\n\t\t\t\t\t\t\t\t<\/div>\n\t\t\t\t<\/div>\n\t\t\t\t\t<\/div>\n\t\t<\/div>\n\t\t\t\t\t<\/div>\n\t\t<\/section>\n\t\t\t\t<\/div>\n\t\t","protected":false},"excerpt":{"rendered":"<p>C\u2019est avec une profonde tristesse que la F\u00e9d\u00e9ration mondiale de l\u2019h\u00e9mophilie (FMH) a appris le r\u00e9cent d\u00e9c\u00e8s de Neil Frick, vice-pr\u00e9sident senior de l\u2019information et des programmes m\u00e9dicaux au sein de la National Bleeding Disorders Foundation (NBDF).<\/p>\n","protected":false},"author":13,"featured_media":115164,"comment_status":"closed","ping_status":"closed","sticky":false,"template":"","format":"standard","meta":{"inline_featured_image":false,"footnotes":""},"categories":[8],"tags":[],"search-category":[85],"class_list":["post-115843","post","type-post","status-publish","format-standard","has-post-thumbnail","hentry","category-non-classifiee","search-category-article"],"yoast_head":"<!-- This site is optimized with the Yoast SEO Premium plugin v27.2 (Yoast SEO v27.2) - https:\/\/yoast.com\/product\/yoast-seo-premium-wordpress\/ -->\n<title>La FMH endeuill\u00e9e par le d\u00e9c\u00e8s de Neil Frick | FMH - F\u00e9d\u00e9ration mondiale de l\u2019h\u00e9mophilie<\/title>\n<meta name=\"robots\" content=\"index, follow, max-snippet:-1, max-image-preview:large, max-video-preview:-1\" \/>\n<link rel=\"canonical\" href=\"https:\/\/wfh.org\/fr\/article\/la-fmh-endeuillee-par-le-deces-de-neil-frick\/\" \/>\n<meta property=\"og:locale\" content=\"fr_FR\" \/>\n<meta property=\"og:type\" content=\"article\" \/>\n<meta property=\"og:title\" content=\"La FMH endeuill\u00e9e par le d\u00e9c\u00e8s de Neil Frick\" \/>\n<meta property=\"og:description\" content=\"C\u2019est avec une profonde tristesse que la F\u00e9d\u00e9ration mondiale de l\u2019h\u00e9mophilie (FMH) a appris le r\u00e9cent d\u00e9c\u00e8s de Neil Frick, vice-pr\u00e9sident senior de l\u2019information et des programmes m\u00e9dicaux au sein de la National Bleeding Disorders Foundation (NBDF).\" \/>\n<meta property=\"og:url\" content=\"https:\/\/wfh.org\/fr\/article\/la-fmh-endeuillee-par-le-deces-de-neil-frick\/\" \/>\n<meta property=\"og:site_name\" content=\"FMH - F\u00e9d\u00e9ration mondiale de l\u2019h\u00e9mophilie\" \/>\n<meta property=\"article:publisher\" content=\"https:\/\/www.facebook.com\/wfhemophilia\/\" \/>\n<meta property=\"article:published_time\" content=\"2024-07-10T18:46:52+00:00\" \/>\n<meta property=\"article:modified_time\" content=\"2024-09-06T14:30:29+00:00\" \/>\n<meta property=\"og:image\" content=\"https:\/\/wfh.org\/wp-content\/uploads\/2024\/07\/WFH-mourns-passing-of-Neil-Frick-header2-EN.jpg\" \/>\n\t<meta property=\"og:image:width\" content=\"1200\" \/>\n\t<meta property=\"og:image:height\" content=\"627\" \/>\n\t<meta property=\"og:image:type\" content=\"image\/jpeg\" \/>\n<meta name=\"author\" content=\"Mitch Semienchuk\" \/>\n<meta name=\"twitter:card\" content=\"summary_large_image\" \/>\n<meta name=\"twitter:label1\" content=\"\u00c9crit par\" \/>\n\t<meta name=\"twitter:data1\" content=\"Mitch Semienchuk\" \/>\n\t<meta name=\"twitter:label2\" content=\"Dur\u00e9e de lecture estim\u00e9e\" \/>\n\t<meta name=\"twitter:data2\" content=\"1 minute\" \/>\n<script type=\"application\/ld+json\" class=\"yoast-schema-graph\">{\"@context\":\"https:\/\/schema.org\",\"@graph\":[{\"@type\":\"Article\",\"@id\":\"https:\/\/wfh.org\/fr\/article\/la-fmh-endeuillee-par-le-deces-de-neil-frick\/#article\",\"isPartOf\":{\"@id\":\"https:\/\/wfh.org\/fr\/article\/la-fmh-endeuillee-par-le-deces-de-neil-frick\/\"},\"author\":{\"name\":\"Mitch Semienchuk\",\"@id\":\"https:\/\/wfh.org\/fr\/#\/schema\/person\/4aea5b13c1966452a640eef39423925b\"},\"headline\":\"La FMH endeuill\u00e9e par le d\u00e9c\u00e8s de Neil Frick\",\"datePublished\":\"2024-07-10T18:46:52+00:00\",\"dateModified\":\"2024-09-06T14:30:29+00:00\",\"mainEntityOfPage\":{\"@id\":\"https:\/\/wfh.org\/fr\/article\/la-fmh-endeuillee-par-le-deces-de-neil-frick\/\"},\"wordCount\":125,\"publisher\":{\"@id\":\"https:\/\/wfh.org\/fr\/#organization\"},\"image\":{\"@id\":\"https:\/\/wfh.org\/fr\/article\/la-fmh-endeuillee-par-le-deces-de-neil-frick\/#primaryimage\"},\"thumbnailUrl\":\"https:\/\/wfh.org\/wp-content\/uploads\/2024\/07\/WFH-mourns-passing-of-Neil-Frick-header2-EN.jpg\",\"articleSection\":[\"Non classifi\u00e9(e)\"],\"inLanguage\":\"fr-FR\"},{\"@type\":\"WebPage\",\"@id\":\"https:\/\/wfh.org\/fr\/article\/la-fmh-endeuillee-par-le-deces-de-neil-frick\/\",\"url\":\"https:\/\/wfh.org\/fr\/article\/la-fmh-endeuillee-par-le-deces-de-neil-frick\/\",\"name\":\"La FMH endeuill\u00e9e par le d\u00e9c\u00e8s de Neil Frick | FMH - F\u00e9d\u00e9ration mondiale de l\u2019h\u00e9mophilie\",\"isPartOf\":{\"@id\":\"https:\/\/wfh.org\/fr\/#website\"},\"primaryImageOfPage\":{\"@id\":\"https:\/\/wfh.org\/fr\/article\/la-fmh-endeuillee-par-le-deces-de-neil-frick\/#primaryimage\"},\"image\":{\"@id\":\"https:\/\/wfh.org\/fr\/article\/la-fmh-endeuillee-par-le-deces-de-neil-frick\/#primaryimage\"},\"thumbnailUrl\":\"https:\/\/wfh.org\/wp-content\/uploads\/2024\/07\/WFH-mourns-passing-of-Neil-Frick-header2-EN.jpg\",\"datePublished\":\"2024-07-10T18:46:52+00:00\",\"dateModified\":\"2024-09-06T14:30:29+00:00\",\"inLanguage\":\"fr-FR\",\"potentialAction\":[{\"@type\":\"ReadAction\",\"target\":[\"https:\/\/wfh.org\/fr\/article\/la-fmh-endeuillee-par-le-deces-de-neil-frick\/\"]}]},{\"@type\":\"ImageObject\",\"inLanguage\":\"fr-FR\",\"@id\":\"https:\/\/wfh.org\/fr\/article\/la-fmh-endeuillee-par-le-deces-de-neil-frick\/#primaryimage\",\"url\":\"https:\/\/wfh.org\/wp-content\/uploads\/2024\/07\/WFH-mourns-passing-of-Neil-Frick-header2-EN.jpg\",\"contentUrl\":\"https:\/\/wfh.org\/wp-content\/uploads\/2024\/07\/WFH-mourns-passing-of-Neil-Frick-header2-EN.jpg\",\"width\":1200,\"height\":627,\"caption\":\"La FMH endeuill\u00e9e par le d\u00e9c\u00e8s de Neil Frick\"},{\"@type\":\"WebSite\",\"@id\":\"https:\/\/wfh.org\/fr\/#website\",\"url\":\"https:\/\/wfh.org\/fr\/\",\"name\":\"FMH - F\u00e9d\u00e9ration mondiale de l\u2019h\u00e9mophilie\",\"description\":\"WFH - World Federation of Hemophilia\",\"publisher\":{\"@id\":\"https:\/\/wfh.org\/fr\/#organization\"},\"potentialAction\":[{\"@type\":\"SearchAction\",\"target\":{\"@type\":\"EntryPoint\",\"urlTemplate\":\"https:\/\/wfh.org\/fr\/?s={search_term_string}\"},\"query-input\":{\"@type\":\"PropertyValueSpecification\",\"valueRequired\":true,\"valueName\":\"search_term_string\"}}],\"inLanguage\":\"fr-FR\"},{\"@type\":\"Organization\",\"@id\":\"https:\/\/wfh.org\/fr\/#organization\",\"name\":\"World Federation of Hemophilia\",\"url\":\"https:\/\/wfh.org\/fr\/\",\"logo\":{\"@type\":\"ImageObject\",\"inLanguage\":\"fr-FR\",\"@id\":\"https:\/\/wfh.org\/fr\/#\/schema\/logo\/image\/\",\"url\":\"https:\/\/wfh.org\/wp-content\/uploads\/2021\/10\/WFH-LOGO-ENGLISH.svg\",\"contentUrl\":\"https:\/\/wfh.org\/wp-content\/uploads\/2021\/10\/WFH-LOGO-ENGLISH.svg\",\"width\":210,\"height\":63,\"caption\":\"World Federation of Hemophilia\"},\"image\":{\"@id\":\"https:\/\/wfh.org\/fr\/#\/schema\/logo\/image\/\"},\"sameAs\":[\"https:\/\/www.facebook.com\/wfhemophilia\/\"]},{\"@type\":\"Person\",\"@id\":\"https:\/\/wfh.org\/fr\/#\/schema\/person\/4aea5b13c1966452a640eef39423925b\",\"name\":\"Mitch Semienchuk\",\"sameAs\":[\"analytics\"]}]}<\/script>\n<!-- \/ Yoast SEO Premium plugin. -->","yoast_head_json":{"title":"La FMH endeuill\u00e9e par le d\u00e9c\u00e8s de Neil Frick | FMH - F\u00e9d\u00e9ration mondiale de l\u2019h\u00e9mophilie","robots":{"index":"index","follow":"follow","max-snippet":"max-snippet:-1","max-image-preview":"max-image-preview:large","max-video-preview":"max-video-preview:-1"},"canonical":"https:\/\/wfh.org\/fr\/article\/la-fmh-endeuillee-par-le-deces-de-neil-frick\/","og_locale":"fr_FR","og_type":"article","og_title":"La FMH endeuill\u00e9e par le d\u00e9c\u00e8s de Neil Frick","og_description":"C\u2019est avec une profonde tristesse que la F\u00e9d\u00e9ration mondiale de l\u2019h\u00e9mophilie (FMH) a appris le r\u00e9cent d\u00e9c\u00e8s de Neil Frick, vice-pr\u00e9sident senior de l\u2019information et des programmes m\u00e9dicaux au sein de la National Bleeding Disorders Foundation (NBDF).","og_url":"https:\/\/wfh.org\/fr\/article\/la-fmh-endeuillee-par-le-deces-de-neil-frick\/","og_site_name":"FMH - F\u00e9d\u00e9ration mondiale de l\u2019h\u00e9mophilie","article_publisher":"https:\/\/www.facebook.com\/wfhemophilia\/","article_published_time":"2024-07-10T18:46:52+00:00","article_modified_time":"2024-09-06T14:30:29+00:00","og_image":[{"width":1200,"height":627,"url":"https:\/\/wfh.org\/wp-content\/uploads\/2024\/07\/WFH-mourns-passing-of-Neil-Frick-header2-EN.jpg","type":"image\/jpeg"}],"author":"Mitch Semienchuk","twitter_card":"summary_large_image","twitter_misc":{"\u00c9crit par":"Mitch Semienchuk","Dur\u00e9e de lecture estim\u00e9e":"1 minute"},"schema":{"@context":"https:\/\/schema.org","@graph":[{"@type":"Article","@id":"https:\/\/wfh.org\/fr\/article\/la-fmh-endeuillee-par-le-deces-de-neil-frick\/#article","isPartOf":{"@id":"https:\/\/wfh.org\/fr\/article\/la-fmh-endeuillee-par-le-deces-de-neil-frick\/"},"author":{"name":"Mitch Semienchuk","@id":"https:\/\/wfh.org\/fr\/#\/schema\/person\/4aea5b13c1966452a640eef39423925b"},"headline":"La FMH endeuill\u00e9e par le d\u00e9c\u00e8s de Neil Frick","datePublished":"2024-07-10T18:46:52+00:00","dateModified":"2024-09-06T14:30:29+00:00","mainEntityOfPage":{"@id":"https:\/\/wfh.org\/fr\/article\/la-fmh-endeuillee-par-le-deces-de-neil-frick\/"},"wordCount":125,"publisher":{"@id":"https:\/\/wfh.org\/fr\/#organization"},"image":{"@id":"https:\/\/wfh.org\/fr\/article\/la-fmh-endeuillee-par-le-deces-de-neil-frick\/#primaryimage"},"thumbnailUrl":"https:\/\/wfh.org\/wp-content\/uploads\/2024\/07\/WFH-mourns-passing-of-Neil-Frick-header2-EN.jpg","articleSection":["Non classifi\u00e9(e)"],"inLanguage":"fr-FR"},{"@type":"WebPage","@id":"https:\/\/wfh.org\/fr\/article\/la-fmh-endeuillee-par-le-deces-de-neil-frick\/","url":"https:\/\/wfh.org\/fr\/article\/la-fmh-endeuillee-par-le-deces-de-neil-frick\/","name":"La FMH endeuill\u00e9e par le d\u00e9c\u00e8s de Neil Frick | FMH - F\u00e9d\u00e9ration mondiale de l\u2019h\u00e9mophilie","isPartOf":{"@id":"https:\/\/wfh.org\/fr\/#website"},"primaryImageOfPage":{"@id":"https:\/\/wfh.org\/fr\/article\/la-fmh-endeuillee-par-le-deces-de-neil-frick\/#primaryimage"},"image":{"@id":"https:\/\/wfh.org\/fr\/article\/la-fmh-endeuillee-par-le-deces-de-neil-frick\/#primaryimage"},"thumbnailUrl":"https:\/\/wfh.org\/wp-content\/uploads\/2024\/07\/WFH-mourns-passing-of-Neil-Frick-header2-EN.jpg","datePublished":"2024-07-10T18:46:52+00:00","dateModified":"2024-09-06T14:30:29+00:00","inLanguage":"fr-FR","potentialAction":[{"@type":"ReadAction","target":["https:\/\/wfh.org\/fr\/article\/la-fmh-endeuillee-par-le-deces-de-neil-frick\/"]}]},{"@type":"ImageObject","inLanguage":"fr-FR","@id":"https:\/\/wfh.org\/fr\/article\/la-fmh-endeuillee-par-le-deces-de-neil-frick\/#primaryimage","url":"https:\/\/wfh.org\/wp-content\/uploads\/2024\/07\/WFH-mourns-passing-of-Neil-Frick-header2-EN.jpg","contentUrl":"https:\/\/wfh.org\/wp-content\/uploads\/2024\/07\/WFH-mourns-passing-of-Neil-Frick-header2-EN.jpg","width":1200,"height":627,"caption":"La FMH endeuill\u00e9e par le d\u00e9c\u00e8s de Neil Frick"},{"@type":"WebSite","@id":"https:\/\/wfh.org\/fr\/#website","url":"https:\/\/wfh.org\/fr\/","name":"FMH - F\u00e9d\u00e9ration mondiale de l\u2019h\u00e9mophilie","description":"WFH - World Federation of Hemophilia","publisher":{"@id":"https:\/\/wfh.org\/fr\/#organization"},"potentialAction":[{"@type":"SearchAction","target":{"@type":"EntryPoint","urlTemplate":"https:\/\/wfh.org\/fr\/?s={search_term_string}"},"query-input":{"@type":"PropertyValueSpecification","valueRequired":true,"valueName":"search_term_string"}}],"inLanguage":"fr-FR"},{"@type":"Organization","@id":"https:\/\/wfh.org\/fr\/#organization","name":"World Federation of Hemophilia","url":"https:\/\/wfh.org\/fr\/","logo":{"@type":"ImageObject","inLanguage":"fr-FR","@id":"https:\/\/wfh.org\/fr\/#\/schema\/logo\/image\/","url":"https:\/\/wfh.org\/wp-content\/uploads\/2021\/10\/WFH-LOGO-ENGLISH.svg","contentUrl":"https:\/\/wfh.org\/wp-content\/uploads\/2021\/10\/WFH-LOGO-ENGLISH.svg","width":210,"height":63,"caption":"World Federation of Hemophilia"},"image":{"@id":"https:\/\/wfh.org\/fr\/#\/schema\/logo\/image\/"},"sameAs":["https:\/\/www.facebook.com\/wfhemophilia\/"]},{"@type":"Person","@id":"https:\/\/wfh.org\/fr\/#\/schema\/person\/4aea5b13c1966452a640eef39423925b","name":"Mitch Semienchuk","sameAs":["analytics"]}]}},"_links":{"self":[{"href":"https:\/\/wfh.org\/fr\/wp-json\/wp\/v2\/posts\/115843","targetHints":{"allow":["GET"]}}],"collection":[{"href":"https:\/\/wfh.org\/fr\/wp-json\/wp\/v2\/posts"}],"about":[{"href":"https:\/\/wfh.org\/fr\/wp-json\/wp\/v2\/types\/post"}],"author":[{"embeddable":true,"href":"https:\/\/wfh.org\/fr\/wp-json\/wp\/v2\/users\/13"}],"replies":[{"embeddable":true,"href":"https:\/\/wfh.org\/fr\/wp-json\/wp\/v2\/comments?post=115843"}],"version-history":[{"count":0,"href":"https:\/\/wfh.org\/fr\/wp-json\/wp\/v2\/posts\/115843\/revisions"}],"wp:featuredmedia":[{"embeddable":true,"href":"https:\/\/wfh.org\/fr\/wp-json\/wp\/v2\/media\/115164"}],"wp:attachment":[{"href":"https:\/\/wfh.org\/fr\/wp-json\/wp\/v2\/media?parent=115843"}],"wp:term":[{"taxonomy":"category","embeddable":true,"href":"https:\/\/wfh.org\/fr\/wp-json\/wp\/v2\/categories?post=115843"},{"taxonomy":"post_tag","embeddable":true,"href":"https:\/\/wfh.org\/fr\/wp-json\/wp\/v2\/tags?post=115843"},{"taxonomy":"search-category","embeddable":true,"href":"https:\/\/wfh.org\/fr\/wp-json\/wp\/v2\/search-category?post=115843"}],"curies":[{"name":"wp","href":"https:\/\/api.w.org\/{rel}","templated":true}]}}