{"id":111882,"date":"2024-06-12T14:47:37","date_gmt":"2024-06-12T18:47:37","guid":{"rendered":"https:\/\/wfh.org\/article\/la-voix-de-la-communaute-des-troubles-de-la-coagulation-a-ete-entendue-a-lassemblee-mondiale-de-la-sante\/"},"modified":"2024-06-25T11:17:24","modified_gmt":"2024-06-25T15:17:24","slug":"la-voix-de-la-communaute-des-troubles-de-la-coagulation-a-ete-entendue-a-lassemblee-mondiale-de-la-sante","status":"publish","type":"post","link":"https:\/\/wfh.org\/fr\/article\/la-voix-de-la-communaute-des-troubles-de-la-coagulation-a-ete-entendue-a-lassemblee-mondiale-de-la-sante\/","title":{"rendered":"La voix de la communaut\u00e9 des troubles de la coagulation a \u00e9t\u00e9 entendue \u00e0 l\u2019Assembl\u00e9e mondiale de la sant\u00e9"},"content":{"rendered":"\t\t<div data-elementor-type=\"wp-post\" data-elementor-id=\"111882\" class=\"elementor elementor-111882 elementor-111669\" data-elementor-post-type=\"post\">\n\t\t\t\t\t\t<section class=\"elementor-section elementor-top-section elementor-element elementor-element-cdec63d elementor-section-boxed elementor-section-height-default elementor-section-height-default\" data-id=\"cdec63d\" data-element_type=\"section\" data-e-type=\"section\">\n\t\t\t\t\t\t<div class=\"elementor-container elementor-column-gap-default\">\n\t\t\t\t\t<div class=\"elementor-column elementor-col-100 elementor-top-column elementor-element elementor-element-a8d9940\" data-id=\"a8d9940\" data-element_type=\"column\" data-e-type=\"column\">\n\t\t\t<div class=\"elementor-widget-wrap elementor-element-populated\">\n\t\t\t\t\t\t<div class=\"elementor-element elementor-element-25c3f88 elementor-widget elementor-widget-text-editor\" data-id=\"25c3f88\" data-element_type=\"widget\" data-e-type=\"widget\" data-widget_type=\"text-editor.default\">\n\t\t\t\t<div class=\"elementor-widget-container\">\n\t\t\t\t\t\t\t\t\t<p><a href=\"https:\/\/www.who.int\/fr\/about\/accountability\/governance\/world-health-assembly\/seventy-seventh\" target=\"_blank\" rel=\"noopener\">L\u2019Assembl\u00e9e mondiale de la sant\u00e9<\/a> est l\u2019instance d\u00e9cisionnaire de l\u2019OMS, et se concentre sur des sujets pr\u00e9cis de sant\u00e9 mondiale, identifi\u00e9s par le conseil d\u2019administration de l\u2019OMS. La 77<sup>e<\/sup> AMS s\u2019est tenue du 27 mai au 1<sup>er<\/sup> juin derniers, sur le th\u00e8me \u00ab\u00a0Un monde mobilis\u00e9 pour la sant\u00e9, la sant\u00e9 pour tout le monde\u00a0\u00bb. Au-del\u00e0 d\u2019assister \u00e0 l\u2019AMS, la FMH a aussi co-organis\u00e9 deux \u00e9v\u00e9nements parall\u00e8les\u00a0: \u00ab\u00a0Faire progresser les traitements et les soins pour les personnes atteintes d\u2019un trouble de la coagulation dans le monde\u00a0\u00bb et \u00ab\u00a0Acc\u00e8s mondial aux th\u00e9rapies nouvelles\u00a0: opportunit\u00e9s et difficult\u00e9s\u00a0\u00bb.<\/p>\n\t\t\t\t\t\t\t\t<\/div>\n\t\t\t\t<\/div>\n\t\t\t\t<section class=\"elementor-section elementor-inner-section elementor-element elementor-element-b747327 elementor-section-boxed elementor-section-height-default elementor-section-height-default\" data-id=\"b747327\" data-element_type=\"section\" data-e-type=\"section\">\n\t\t\t\t\t\t<div class=\"elementor-container elementor-column-gap-default\">\n\t\t\t\t\t<div class=\"elementor-column elementor-col-50 elementor-inner-column elementor-element elementor-element-efe8a6f\" data-id=\"efe8a6f\" data-element_type=\"column\" data-e-type=\"column\" data-settings=\"{&quot;background_background&quot;:&quot;classic&quot;}\">\n\t\t\t<div class=\"elementor-widget-wrap elementor-element-populated\">\n\t\t\t\t\t\t<div class=\"elementor-element elementor-element-85b2e9b elementor-view-default elementor-widget elementor-widget-icon\" data-id=\"85b2e9b\" data-element_type=\"widget\" data-e-type=\"widget\" data-widget_type=\"icon.default\">\n\t\t\t\t<div class=\"elementor-widget-container\">\n\t\t\t\t\t\t\t<div class=\"elementor-icon-wrapper\">\n\t\t\t<div class=\"elementor-icon\">\n\t\t\t<i aria-hidden=\"true\" class=\"fas fa-quote-left\"><\/i>\t\t\t<\/div>\n\t\t<\/div>\n\t\t\t\t\t\t<\/div>\n\t\t\t\t<\/div>\n\t\t\t\t\t<\/div>\n\t\t<\/div>\n\t\t\t\t<div class=\"elementor-column elementor-col-50 elementor-inner-column elementor-element elementor-element-5dfe806\" data-id=\"5dfe806\" data-element_type=\"column\" data-e-type=\"column\">\n\t\t\t<div class=\"elementor-widget-wrap elementor-element-populated\">\n\t\t\t\t\t\t<div class=\"elementor-element elementor-element-10bd079 elementor-widget elementor-widget-heading\" data-id=\"10bd079\" data-element_type=\"widget\" data-e-type=\"widget\" data-widget_type=\"heading.default\">\n\t\t\t\t<div class=\"elementor-widget-container\">\n\t\t\t\t\t<h2 class=\"elementor-heading-title elementor-size-default\">Au niveau national, l\u2019\u00c9gypte a fait des progr\u00e8s significatifs dans l\u2019am\u00e9lioration des soins aux patient\u00b7es atteint\u00b7es d\u2019h\u00e9mophilie.  Le programme de la FMH Parcours d\u2019acc\u00e8s aux soins et au traitement (PACT) a \u00e9t\u00e9 d\u00e9terminant dans la garantie d\u2019un acc\u00e8s aux traitements essentiels dans toute l\u2019\u00c9gypte [\u2026] Le minist\u00e8re \u00e9gyptien de la Sant\u00e9 et de la Population, aux c\u00f4t\u00e9s des organismes qui lui sont affili\u00e9s, reste investi dans une collaboration de longue dur\u00e9e avec la FMH, l\u2019Egyptian Society of Hemophilia et les autres parties prenantes concern\u00e9es [\u2026] L\u2019approche pr\u00e9ventive de traitement [prophylactique] adopt\u00e9e par le minist\u00e8re l\u2019an dernier a contribu\u00e9 \u00e0 r\u00e9duire le taux d\u2019hospitalisation des patient\u00b7es de 60 \u00e0 5 %, le besoin d\u2019aide \u00e0 la mobilit\u00e9 dans 60 % des cas, et les taux d\u2019absence \u00e0 l\u2019\u00e9cole, qui sont pass\u00e9s de 90 \u00e0 21 % ; par ailleurs, 92 % des patient\u00b7es vivent leur vie normalement.<\/h2>\t\t\t\t<\/div>\n\t\t\t\t<\/div>\n\t\t\t\t<div class=\"elementor-element elementor-element-d87f6f2 elementor-widget elementor-widget-heading\" data-id=\"d87f6f2\" data-element_type=\"widget\" data-e-type=\"widget\" data-widget_type=\"heading.default\">\n\t\t\t\t<div class=\"elementor-widget-container\">\n\t\t\t\t\t<p class=\"elementor-heading-title elementor-size-default\">\u2014 Hatem Amer, ministre associ\u00e9 de la Sant\u00e9 et de la Population en charge des relations internationales, minist\u00e8re de la Sant\u00e9 et de la Population, \u00c9gypte<\/p>\t\t\t\t<\/div>\n\t\t\t\t<\/div>\n\t\t\t\t\t<\/div>\n\t\t<\/div>\n\t\t\t\t\t<\/div>\n\t\t<\/section>\n\t\t\t\t<div class=\"elementor-element elementor-element-de02d62 elementor-widget elementor-widget-text-editor\" data-id=\"de02d62\" data-element_type=\"widget\" data-e-type=\"widget\" data-widget_type=\"text-editor.default\">\n\t\t\t\t<div class=\"elementor-widget-container\">\n\t\t\t\t\t\t\t\t\t<p><strong>Principaux points des sessions de l\u2019Assembl\u00e9e mondiale de la sant\u00e9<\/strong><\/p>\n<p>Au cours du point 11.2, intitul\u00e9 \u00ab\u00a0Suivi de la d\u00e9claration politique de la troisi\u00e8me r\u00e9union de haut niveau de l\u2019Assembl\u00e9e\u00a0g\u00e9n\u00e9rale sur la pr\u00e9vention et la ma\u00eetrise des maladies non transmissibles\u00a0\u00bb, la FMH a pr\u00e9sent\u00e9 une d\u00e9claration attirant l\u2019attention de l\u2019OMS, de ses \u00c9tats membres et d\u2019autres organisations internationales, sur les in\u00e9galit\u00e9s dans l\u2019acc\u00e8s au diagnostic, au traitement et aux soins pour les personnes atteintes d\u2019un trouble h\u00e9r\u00e9ditaire de la coagulation, et soulignant l\u2019importance de l\u2019int\u00e9gration des troubles de la coagulation dans la cat\u00e9gorie des maladies non transmissibles, dans la couverture sanitaire universelle et dans les plans nationaux de soins primaires. Cette d\u00e9claration appelait aussi \u00e0 une initiative des \u00c9tats membres pour l\u2019adoption d\u2019une r\u00e9solution de l\u2019AMS sur l\u2019h\u00e9mophilie et les autres troubles de la coagulation. Pour lire la d\u00e9claration de Cesar Garrido (en anglais), <a href=\"https:\/\/wfh.org\/wp-content\/uploads\/2024\/06\/WFH-Statement-WHA77-Agenda-Item-11.2.pdf\" target=\"_blank\" rel=\"noopener\">cliquez ici<\/a>.<\/p>\n\t\t\t\t\t\t\t\t<\/div>\n\t\t\t\t<\/div>\n\t\t\t\t<div class=\"elementor-element elementor-element-ef5337d elementor-widget elementor-widget-video\" data-id=\"ef5337d\" data-element_type=\"widget\" data-e-type=\"widget\" data-settings=\"{&quot;video_type&quot;:&quot;hosted&quot;,&quot;controls&quot;:&quot;yes&quot;}\" data-widget_type=\"video.default\">\n\t\t\t\t<div class=\"elementor-widget-container\">\n\t\t\t\t\t\t\t<div class=\"e-hosted-video elementor-wrapper elementor-open-inline\">\n\t\t\t\t\t<video class=\"elementor-video\" src=\"https:\/\/wfh.org\/wp-content\/uploads\/2024\/06\/Cesar-speech-at-WHA-May-2024.mp4\" controls=\"\" preload=\"metadata\" controlsList=\"nodownload\"><\/video>\n\t\t\t\t<\/div>\n\t\t\t\t\t\t<\/div>\n\t\t\t\t<\/div>\n\t\t\t\t<div class=\"elementor-element elementor-element-ea6953b elementor-widget elementor-widget-text-editor\" data-id=\"ea6953b\" data-element_type=\"widget\" data-e-type=\"widget\" data-widget_type=\"text-editor.default\">\n\t\t\t\t<div class=\"elementor-widget-container\">\n\t\t\t\t\t\t\t\t\t<p><strong>\u00c9v\u00e9nement parall\u00e8le\u00a0: \u00ab Acc\u00e8s mondial aux th\u00e9rapies nouvelles : opportunit\u00e9s et difficult\u00e9s \u00bb<\/strong><\/p>\n<p>Cet \u00e9v\u00e9nement \u00e9tat coanim\u00e9 par la FMH et la Thalassaemia International Federation (TIF), avec le soutien du minist\u00e8re de la Sant\u00e9 de la R\u00e9publique de Chypre. Il a abord\u00e9 les in\u00e9galit\u00e9s mondiales dans l\u2019acc\u00e8s aux th\u00e9rapies pour les troubles de la coagulation et la thalass\u00e9mie, ainsi qu\u2019aux th\u00e9rapies innovantes. La r\u00e9union a commenc\u00e9 par des discours de bienvenue de la Dr Androulla Eleftheriou (MD), directrice ex\u00e9cutive de la TIF\u00a0; de Cesar Garrido, pr\u00e9sident de la FMH\u00a0; de Son Excellence Olympia Neocleous, ambassadrice et repr\u00e9sentante permanente de la R\u00e9publique de Chypre aupr\u00e8s des Nations Unies, d\u2019autres organisations internationales et de l\u2019Organisation mondiale du Commerce \u00e0 Gen\u00e8ve\u00a0; et de la Dr Natasha Azzopardi-Muscat (MD), directrice de la Division des politiques nationales de sant\u00e9 au sein de l\u2019OMS Europe. Les participant\u00b7es ont aussi entendu des pr\u00e9sentations de Brian O\u2019Mahony, directeur ex\u00e9cutif de l\u2019Irish Hemophilia Society, et de la Dr Androulla Eleftheriou, qui ont parl\u00e9 des disparit\u00e9s dans l\u2019acc\u00e8s au traitement pour les troubles de la coagulation et la thalass\u00e9mie. Les intervenant\u00b7es ont \u00e9t\u00e9 rejoint\u00b7es par d\u2019autres expert\u00b7es pour un dialogue sous forme de table ronde rassemblant de nombreux acteurs, afin d\u2019identifier des moyens de renforcer l\u2019\u00e9quit\u00e9 dans l\u2019acc\u00e8s aux th\u00e9rapies pour ces maladies\u00a0\u2013 parmi elles et eux, la Dr Maria Elisa Mancuso (MD), consultante senior en h\u00e9matologie aupr\u00e8s du Centre pour la thrombose et les maladies h\u00e9morragiques de l\u2019h\u00f4pital pour la recherche IRCCS Humanitas de Milan ; Ganescu Costin Radu, pr\u00e9sident de l\u2019Asociatia Persoanelor cu Talasemie Majora\u00a0; et Paolo Morgese, vice-pr\u00e9sident en charge des affaires publiques pour l\u2019Alliance for Regenerative Medicine.<\/p>\n<p><strong>\u00c9v\u00e9nement parall\u00e8le\u00a0: \u00ab Faire progresser les traitements et les soins pour les personnes atteintes d\u2019un trouble de la coagulation dans le monde \u00bb<\/strong><\/p>\n<p>Cet \u00e9v\u00e9nement, coanim\u00e9 par la FMH et le minist\u00e8re \u00e9gyptien de la Sant\u00e9 et de la Population, a abord\u00e9 les difficult\u00e9s li\u00e9es \u00e0 la prise en charge de l\u2019h\u00e9mophilie, de la maladie de Willebrand (MW) et des autres troubles de la coagulation. Cesar Garrido, pr\u00e9sident de la FMH, et Son Excellence le Dr Hatem Amer, ministre associ\u00e9 de la Sant\u00e9 et de la Population en charge des relations internationales, ont prononc\u00e9 les discours d\u2019ouverture, qui ont \u00e9t\u00e9 suivis par des pr\u00e9sentations de Brian O\u2019Mahony et de la Dr Maria Elisa Mancuso, sur le paysage mondial des troubles h\u00e9r\u00e9ditaires de la coagulation. Cet \u00e9v\u00e9nement a aussi propos\u00e9 une table ronde tr\u00e8s \u00e9clairante sur la mise en place de partenariats solides pour cr\u00e9er des solutions durables pour les personnes atteintes d\u2019un trouble de la coagulation, l\u2019am\u00e9lioration de l\u2019acc\u00e8s au traitement prophylactique, la fourniture de soins complets comme standard de soins, et le partage de bonnes pratiques au niveau international. L\u2019\u00e9v\u00e9nement s\u2019est conclu par un appel \u00e0 l\u2019action de la part d\u2019Alain Baumann, PDG de la FMH, pour une r\u00e9solution de l\u2019AMS sur l\u2019h\u00e9mophilie et les autres troubles h\u00e9r\u00e9ditaires de la coagulation.<\/p>\n<p>Pour en savoir plus sur le travail de plaidoyer effectu\u00e9 par la FMH au nom de la communaut\u00e9 mondiale des troubles h\u00e9r\u00e9ditaires de la coagulation, <a href=\"https:\/\/wfh.org\/fr\/plaidoyer\/\" target=\"_blank\" rel=\"noopener\">cliquez ici<\/a>. Pour en savoir plus sur le programme Parcours d\u2019acc\u00e8s aux soins et au traitement (PACT) de la FMH, <a href=\"https:\/\/wfh.org\/fr\/plaidoyer\/#pact\" target=\"_blank\" rel=\"noopener\">cliquez ici<\/a>.<\/p>\n\t\t\t\t\t\t\t\t<\/div>\n\t\t\t\t<\/div>\n\t\t\t\t\t<\/div>\n\t\t<\/div>\n\t\t\t\t\t<\/div>\n\t\t<\/section>\n\t\t\t\t<\/div>\n\t\t","protected":false},"excerpt":{"rendered":"<p>Au cours de la derni\u00e8re semaine de mai, la F\u00e9d\u00e9ration mondiale de l\u2019h\u00e9mophilie (FMH) a particip\u00e9 \u00e0 la 77e Assembl\u00e9e mondiale de la sant\u00e9 (AMS) de l\u2019Organisation mondiale de la sant\u00e9 (OMS) \u00e0 Gen\u00e8ve, en Suisse. LA FMH a port\u00e9 la voix de la communaut\u00e9 mondiale des troubles h\u00e9r\u00e9ditaires de la coagulation lors de cette r\u00e9union, d\u00e9fendu un acc\u00e8s \u00e9quitable aux th\u00e9rapies, et appel\u00e9 \u00e0 une r\u00e9solution de l\u2019AMS sur l\u2019h\u00e9mophilie et les autres troubles de la coagulation.<\/p>\n","protected":false},"author":13,"featured_media":111660,"comment_status":"closed","ping_status":"closed","sticky":false,"template":"","format":"standard","meta":{"inline_featured_image":false,"footnotes":""},"categories":[338,69],"tags":[],"search-category":[85],"class_list":["post-111882","post","type-post","status-publish","format-standard","has-post-thumbnail","hentry","category-featured-3-fr","category-plaidoyer","search-category-article"],"yoast_head":"<!-- This site is optimized with the Yoast SEO Premium plugin v27.2 (Yoast SEO v27.2) - https:\/\/yoast.com\/product\/yoast-seo-premium-wordpress\/ -->\n<title>La voix de la communaut\u00e9 des troubles de la coagulation a \u00e9t\u00e9 entendue \u00e0 l\u2019Assembl\u00e9e mondiale de la sant\u00e9 | FMH - F\u00e9d\u00e9ration mondiale de l\u2019h\u00e9mophilie<\/title>\n<meta name=\"robots\" content=\"index, follow, max-snippet:-1, max-image-preview:large, max-video-preview:-1\" \/>\n<link rel=\"canonical\" href=\"https:\/\/wfh.org\/fr\/article\/la-voix-de-la-communaute-des-troubles-de-la-coagulation-a-ete-entendue-a-lassemblee-mondiale-de-la-sante\/\" \/>\n<meta property=\"og:locale\" content=\"fr_FR\" \/>\n<meta property=\"og:type\" content=\"article\" \/>\n<meta property=\"og:title\" content=\"La voix de la communaut\u00e9 des troubles de la coagulation a \u00e9t\u00e9 entendue \u00e0 l\u2019Assembl\u00e9e mondiale de la sant\u00e9\" \/>\n<meta property=\"og:description\" content=\"Au cours de la derni\u00e8re semaine de mai, la F\u00e9d\u00e9ration mondiale de l\u2019h\u00e9mophilie (FMH) a particip\u00e9 \u00e0 la 77e Assembl\u00e9e mondiale de la sant\u00e9 (AMS) de l\u2019Organisation mondiale de la sant\u00e9 (OMS) \u00e0 Gen\u00e8ve, en Suisse. LA FMH a port\u00e9 la voix de la communaut\u00e9 mondiale des troubles h\u00e9r\u00e9ditaires de la coagulation lors de cette r\u00e9union, d\u00e9fendu un acc\u00e8s \u00e9quitable aux th\u00e9rapies, et appel\u00e9 \u00e0 une r\u00e9solution de l\u2019AMS sur l\u2019h\u00e9mophilie et les autres troubles de la coagulation.\" \/>\n<meta property=\"og:url\" content=\"https:\/\/wfh.org\/fr\/article\/la-voix-de-la-communaute-des-troubles-de-la-coagulation-a-ete-entendue-a-lassemblee-mondiale-de-la-sante\/\" \/>\n<meta property=\"og:site_name\" content=\"FMH - F\u00e9d\u00e9ration mondiale de l\u2019h\u00e9mophilie\" \/>\n<meta property=\"article:publisher\" content=\"https:\/\/www.facebook.com\/wfhemophilia\/\" \/>\n<meta property=\"article:published_time\" content=\"2024-06-12T18:47:37+00:00\" \/>\n<meta property=\"article:modified_time\" content=\"2024-06-25T15:17:24+00:00\" \/>\n<meta property=\"og:image\" content=\"https:\/\/wfh.org\/wp-content\/uploads\/2024\/06\/WHA-meeting-May-2024-header.jpg\" \/>\n\t<meta property=\"og:image:width\" content=\"1200\" \/>\n\t<meta property=\"og:image:height\" content=\"627\" \/>\n\t<meta property=\"og:image:type\" content=\"image\/jpeg\" \/>\n<meta name=\"author\" content=\"Mitch Semienchuk\" \/>\n<meta name=\"twitter:card\" content=\"summary_large_image\" \/>\n<meta name=\"twitter:label1\" content=\"\u00c9crit par\" \/>\n\t<meta name=\"twitter:data1\" content=\"Mitch Semienchuk\" \/>\n\t<meta name=\"twitter:label2\" content=\"Dur\u00e9e de lecture estim\u00e9e\" \/>\n\t<meta name=\"twitter:data2\" content=\"6 minutes\" \/>\n<script type=\"application\/ld+json\" class=\"yoast-schema-graph\">{\"@context\":\"https:\/\/schema.org\",\"@graph\":[{\"@type\":\"Article\",\"@id\":\"https:\/\/wfh.org\/fr\/article\/la-voix-de-la-communaute-des-troubles-de-la-coagulation-a-ete-entendue-a-lassemblee-mondiale-de-la-sante\/#article\",\"isPartOf\":{\"@id\":\"https:\/\/wfh.org\/fr\/article\/la-voix-de-la-communaute-des-troubles-de-la-coagulation-a-ete-entendue-a-lassemblee-mondiale-de-la-sante\/\"},\"author\":{\"name\":\"Mitch Semienchuk\",\"@id\":\"https:\/\/wfh.org\/fr\/#\/schema\/person\/4aea5b13c1966452a640eef39423925b\"},\"headline\":\"La voix de la communaut\u00e9 des troubles de la coagulation a \u00e9t\u00e9 entendue \u00e0 l\u2019Assembl\u00e9e mondiale de la sant\u00e9\",\"datePublished\":\"2024-06-12T18:47:37+00:00\",\"dateModified\":\"2024-06-25T15:17:24+00:00\",\"mainEntityOfPage\":{\"@id\":\"https:\/\/wfh.org\/fr\/article\/la-voix-de-la-communaute-des-troubles-de-la-coagulation-a-ete-entendue-a-lassemblee-mondiale-de-la-sante\/\"},\"wordCount\":1120,\"publisher\":{\"@id\":\"https:\/\/wfh.org\/fr\/#organization\"},\"image\":{\"@id\":\"https:\/\/wfh.org\/fr\/article\/la-voix-de-la-communaute-des-troubles-de-la-coagulation-a-ete-entendue-a-lassemblee-mondiale-de-la-sante\/#primaryimage\"},\"thumbnailUrl\":\"https:\/\/wfh.org\/wp-content\/uploads\/2024\/06\/WHA-meeting-May-2024-header.jpg\",\"articleSection\":[\"Featured 3 - FR\",\"Plaidoyer\"],\"inLanguage\":\"fr-FR\"},{\"@type\":\"WebPage\",\"@id\":\"https:\/\/wfh.org\/fr\/article\/la-voix-de-la-communaute-des-troubles-de-la-coagulation-a-ete-entendue-a-lassemblee-mondiale-de-la-sante\/\",\"url\":\"https:\/\/wfh.org\/fr\/article\/la-voix-de-la-communaute-des-troubles-de-la-coagulation-a-ete-entendue-a-lassemblee-mondiale-de-la-sante\/\",\"name\":\"La voix de la communaut\u00e9 des troubles de la coagulation a \u00e9t\u00e9 entendue \u00e0 l\u2019Assembl\u00e9e mondiale de la sant\u00e9 | FMH - F\u00e9d\u00e9ration mondiale de l\u2019h\u00e9mophilie\",\"isPartOf\":{\"@id\":\"https:\/\/wfh.org\/fr\/#website\"},\"primaryImageOfPage\":{\"@id\":\"https:\/\/wfh.org\/fr\/article\/la-voix-de-la-communaute-des-troubles-de-la-coagulation-a-ete-entendue-a-lassemblee-mondiale-de-la-sante\/#primaryimage\"},\"image\":{\"@id\":\"https:\/\/wfh.org\/fr\/article\/la-voix-de-la-communaute-des-troubles-de-la-coagulation-a-ete-entendue-a-lassemblee-mondiale-de-la-sante\/#primaryimage\"},\"thumbnailUrl\":\"https:\/\/wfh.org\/wp-content\/uploads\/2024\/06\/WHA-meeting-May-2024-header.jpg\",\"datePublished\":\"2024-06-12T18:47:37+00:00\",\"dateModified\":\"2024-06-25T15:17:24+00:00\",\"inLanguage\":\"fr-FR\",\"potentialAction\":[{\"@type\":\"ReadAction\",\"target\":[\"https:\/\/wfh.org\/fr\/article\/la-voix-de-la-communaute-des-troubles-de-la-coagulation-a-ete-entendue-a-lassemblee-mondiale-de-la-sante\/\"]}]},{\"@type\":\"ImageObject\",\"inLanguage\":\"fr-FR\",\"@id\":\"https:\/\/wfh.org\/fr\/article\/la-voix-de-la-communaute-des-troubles-de-la-coagulation-a-ete-entendue-a-lassemblee-mondiale-de-la-sante\/#primaryimage\",\"url\":\"https:\/\/wfh.org\/wp-content\/uploads\/2024\/06\/WHA-meeting-May-2024-header.jpg\",\"contentUrl\":\"https:\/\/wfh.org\/wp-content\/uploads\/2024\/06\/WHA-meeting-May-2024-header.jpg\",\"width\":1200,\"height\":627,\"caption\":\"Cesar Garrido speaks at WHO 77th World Health Assembly (WHA) meeting\"},{\"@type\":\"WebSite\",\"@id\":\"https:\/\/wfh.org\/fr\/#website\",\"url\":\"https:\/\/wfh.org\/fr\/\",\"name\":\"FMH - F\u00e9d\u00e9ration mondiale de l\u2019h\u00e9mophilie\",\"description\":\"WFH - World Federation of Hemophilia\",\"publisher\":{\"@id\":\"https:\/\/wfh.org\/fr\/#organization\"},\"potentialAction\":[{\"@type\":\"SearchAction\",\"target\":{\"@type\":\"EntryPoint\",\"urlTemplate\":\"https:\/\/wfh.org\/fr\/?s={search_term_string}\"},\"query-input\":{\"@type\":\"PropertyValueSpecification\",\"valueRequired\":true,\"valueName\":\"search_term_string\"}}],\"inLanguage\":\"fr-FR\"},{\"@type\":\"Organization\",\"@id\":\"https:\/\/wfh.org\/fr\/#organization\",\"name\":\"World Federation of Hemophilia\",\"url\":\"https:\/\/wfh.org\/fr\/\",\"logo\":{\"@type\":\"ImageObject\",\"inLanguage\":\"fr-FR\",\"@id\":\"https:\/\/wfh.org\/fr\/#\/schema\/logo\/image\/\",\"url\":\"https:\/\/wfh.org\/wp-content\/uploads\/2021\/10\/WFH-LOGO-ENGLISH.svg\",\"contentUrl\":\"https:\/\/wfh.org\/wp-content\/uploads\/2021\/10\/WFH-LOGO-ENGLISH.svg\",\"width\":210,\"height\":63,\"caption\":\"World Federation of Hemophilia\"},\"image\":{\"@id\":\"https:\/\/wfh.org\/fr\/#\/schema\/logo\/image\/\"},\"sameAs\":[\"https:\/\/www.facebook.com\/wfhemophilia\/\"]},{\"@type\":\"Person\",\"@id\":\"https:\/\/wfh.org\/fr\/#\/schema\/person\/4aea5b13c1966452a640eef39423925b\",\"name\":\"Mitch Semienchuk\",\"sameAs\":[\"analytics\"]}]}<\/script>\n<!-- \/ Yoast SEO Premium plugin. -->","yoast_head_json":{"title":"La voix de la communaut\u00e9 des troubles de la coagulation a \u00e9t\u00e9 entendue \u00e0 l\u2019Assembl\u00e9e mondiale de la sant\u00e9 | FMH - F\u00e9d\u00e9ration mondiale de l\u2019h\u00e9mophilie","robots":{"index":"index","follow":"follow","max-snippet":"max-snippet:-1","max-image-preview":"max-image-preview:large","max-video-preview":"max-video-preview:-1"},"canonical":"https:\/\/wfh.org\/fr\/article\/la-voix-de-la-communaute-des-troubles-de-la-coagulation-a-ete-entendue-a-lassemblee-mondiale-de-la-sante\/","og_locale":"fr_FR","og_type":"article","og_title":"La voix de la communaut\u00e9 des troubles de la coagulation a \u00e9t\u00e9 entendue \u00e0 l\u2019Assembl\u00e9e mondiale de la sant\u00e9","og_description":"Au cours de la derni\u00e8re semaine de mai, la F\u00e9d\u00e9ration mondiale de l\u2019h\u00e9mophilie (FMH) a particip\u00e9 \u00e0 la 77e Assembl\u00e9e mondiale de la sant\u00e9 (AMS) de l\u2019Organisation mondiale de la sant\u00e9 (OMS) \u00e0 Gen\u00e8ve, en Suisse. LA FMH a port\u00e9 la voix de la communaut\u00e9 mondiale des troubles h\u00e9r\u00e9ditaires de la coagulation lors de cette r\u00e9union, d\u00e9fendu un acc\u00e8s \u00e9quitable aux th\u00e9rapies, et appel\u00e9 \u00e0 une r\u00e9solution de l\u2019AMS sur l\u2019h\u00e9mophilie et les autres troubles de la coagulation.","og_url":"https:\/\/wfh.org\/fr\/article\/la-voix-de-la-communaute-des-troubles-de-la-coagulation-a-ete-entendue-a-lassemblee-mondiale-de-la-sante\/","og_site_name":"FMH - F\u00e9d\u00e9ration mondiale de l\u2019h\u00e9mophilie","article_publisher":"https:\/\/www.facebook.com\/wfhemophilia\/","article_published_time":"2024-06-12T18:47:37+00:00","article_modified_time":"2024-06-25T15:17:24+00:00","og_image":[{"width":1200,"height":627,"url":"https:\/\/wfh.org\/wp-content\/uploads\/2024\/06\/WHA-meeting-May-2024-header.jpg","type":"image\/jpeg"}],"author":"Mitch Semienchuk","twitter_card":"summary_large_image","twitter_misc":{"\u00c9crit par":"Mitch Semienchuk","Dur\u00e9e de lecture estim\u00e9e":"6 minutes"},"schema":{"@context":"https:\/\/schema.org","@graph":[{"@type":"Article","@id":"https:\/\/wfh.org\/fr\/article\/la-voix-de-la-communaute-des-troubles-de-la-coagulation-a-ete-entendue-a-lassemblee-mondiale-de-la-sante\/#article","isPartOf":{"@id":"https:\/\/wfh.org\/fr\/article\/la-voix-de-la-communaute-des-troubles-de-la-coagulation-a-ete-entendue-a-lassemblee-mondiale-de-la-sante\/"},"author":{"name":"Mitch Semienchuk","@id":"https:\/\/wfh.org\/fr\/#\/schema\/person\/4aea5b13c1966452a640eef39423925b"},"headline":"La voix de la communaut\u00e9 des troubles de la coagulation a \u00e9t\u00e9 entendue \u00e0 l\u2019Assembl\u00e9e mondiale de la sant\u00e9","datePublished":"2024-06-12T18:47:37+00:00","dateModified":"2024-06-25T15:17:24+00:00","mainEntityOfPage":{"@id":"https:\/\/wfh.org\/fr\/article\/la-voix-de-la-communaute-des-troubles-de-la-coagulation-a-ete-entendue-a-lassemblee-mondiale-de-la-sante\/"},"wordCount":1120,"publisher":{"@id":"https:\/\/wfh.org\/fr\/#organization"},"image":{"@id":"https:\/\/wfh.org\/fr\/article\/la-voix-de-la-communaute-des-troubles-de-la-coagulation-a-ete-entendue-a-lassemblee-mondiale-de-la-sante\/#primaryimage"},"thumbnailUrl":"https:\/\/wfh.org\/wp-content\/uploads\/2024\/06\/WHA-meeting-May-2024-header.jpg","articleSection":["Featured 3 - FR","Plaidoyer"],"inLanguage":"fr-FR"},{"@type":"WebPage","@id":"https:\/\/wfh.org\/fr\/article\/la-voix-de-la-communaute-des-troubles-de-la-coagulation-a-ete-entendue-a-lassemblee-mondiale-de-la-sante\/","url":"https:\/\/wfh.org\/fr\/article\/la-voix-de-la-communaute-des-troubles-de-la-coagulation-a-ete-entendue-a-lassemblee-mondiale-de-la-sante\/","name":"La voix de la communaut\u00e9 des troubles de la coagulation a \u00e9t\u00e9 entendue \u00e0 l\u2019Assembl\u00e9e mondiale de la sant\u00e9 | FMH - F\u00e9d\u00e9ration mondiale de l\u2019h\u00e9mophilie","isPartOf":{"@id":"https:\/\/wfh.org\/fr\/#website"},"primaryImageOfPage":{"@id":"https:\/\/wfh.org\/fr\/article\/la-voix-de-la-communaute-des-troubles-de-la-coagulation-a-ete-entendue-a-lassemblee-mondiale-de-la-sante\/#primaryimage"},"image":{"@id":"https:\/\/wfh.org\/fr\/article\/la-voix-de-la-communaute-des-troubles-de-la-coagulation-a-ete-entendue-a-lassemblee-mondiale-de-la-sante\/#primaryimage"},"thumbnailUrl":"https:\/\/wfh.org\/wp-content\/uploads\/2024\/06\/WHA-meeting-May-2024-header.jpg","datePublished":"2024-06-12T18:47:37+00:00","dateModified":"2024-06-25T15:17:24+00:00","inLanguage":"fr-FR","potentialAction":[{"@type":"ReadAction","target":["https:\/\/wfh.org\/fr\/article\/la-voix-de-la-communaute-des-troubles-de-la-coagulation-a-ete-entendue-a-lassemblee-mondiale-de-la-sante\/"]}]},{"@type":"ImageObject","inLanguage":"fr-FR","@id":"https:\/\/wfh.org\/fr\/article\/la-voix-de-la-communaute-des-troubles-de-la-coagulation-a-ete-entendue-a-lassemblee-mondiale-de-la-sante\/#primaryimage","url":"https:\/\/wfh.org\/wp-content\/uploads\/2024\/06\/WHA-meeting-May-2024-header.jpg","contentUrl":"https:\/\/wfh.org\/wp-content\/uploads\/2024\/06\/WHA-meeting-May-2024-header.jpg","width":1200,"height":627,"caption":"Cesar Garrido speaks at WHO 77th World Health Assembly (WHA) meeting"},{"@type":"WebSite","@id":"https:\/\/wfh.org\/fr\/#website","url":"https:\/\/wfh.org\/fr\/","name":"FMH - F\u00e9d\u00e9ration mondiale de l\u2019h\u00e9mophilie","description":"WFH - World Federation of Hemophilia","publisher":{"@id":"https:\/\/wfh.org\/fr\/#organization"},"potentialAction":[{"@type":"SearchAction","target":{"@type":"EntryPoint","urlTemplate":"https:\/\/wfh.org\/fr\/?s={search_term_string}"},"query-input":{"@type":"PropertyValueSpecification","valueRequired":true,"valueName":"search_term_string"}}],"inLanguage":"fr-FR"},{"@type":"Organization","@id":"https:\/\/wfh.org\/fr\/#organization","name":"World Federation of Hemophilia","url":"https:\/\/wfh.org\/fr\/","logo":{"@type":"ImageObject","inLanguage":"fr-FR","@id":"https:\/\/wfh.org\/fr\/#\/schema\/logo\/image\/","url":"https:\/\/wfh.org\/wp-content\/uploads\/2021\/10\/WFH-LOGO-ENGLISH.svg","contentUrl":"https:\/\/wfh.org\/wp-content\/uploads\/2021\/10\/WFH-LOGO-ENGLISH.svg","width":210,"height":63,"caption":"World Federation of Hemophilia"},"image":{"@id":"https:\/\/wfh.org\/fr\/#\/schema\/logo\/image\/"},"sameAs":["https:\/\/www.facebook.com\/wfhemophilia\/"]},{"@type":"Person","@id":"https:\/\/wfh.org\/fr\/#\/schema\/person\/4aea5b13c1966452a640eef39423925b","name":"Mitch Semienchuk","sameAs":["analytics"]}]}},"_links":{"self":[{"href":"https:\/\/wfh.org\/fr\/wp-json\/wp\/v2\/posts\/111882","targetHints":{"allow":["GET"]}}],"collection":[{"href":"https:\/\/wfh.org\/fr\/wp-json\/wp\/v2\/posts"}],"about":[{"href":"https:\/\/wfh.org\/fr\/wp-json\/wp\/v2\/types\/post"}],"author":[{"embeddable":true,"href":"https:\/\/wfh.org\/fr\/wp-json\/wp\/v2\/users\/13"}],"replies":[{"embeddable":true,"href":"https:\/\/wfh.org\/fr\/wp-json\/wp\/v2\/comments?post=111882"}],"version-history":[{"count":0,"href":"https:\/\/wfh.org\/fr\/wp-json\/wp\/v2\/posts\/111882\/revisions"}],"wp:featuredmedia":[{"embeddable":true,"href":"https:\/\/wfh.org\/fr\/wp-json\/wp\/v2\/media\/111660"}],"wp:attachment":[{"href":"https:\/\/wfh.org\/fr\/wp-json\/wp\/v2\/media?parent=111882"}],"wp:term":[{"taxonomy":"category","embeddable":true,"href":"https:\/\/wfh.org\/fr\/wp-json\/wp\/v2\/categories?post=111882"},{"taxonomy":"post_tag","embeddable":true,"href":"https:\/\/wfh.org\/fr\/wp-json\/wp\/v2\/tags?post=111882"},{"taxonomy":"search-category","embeddable":true,"href":"https:\/\/wfh.org\/fr\/wp-json\/wp\/v2\/search-category?post=111882"}],"curies":[{"name":"wp","href":"https:\/\/api.w.org\/{rel}","templated":true}]}}