{"id":102539,"date":"2024-03-12T09:00:52","date_gmt":"2024-03-12T13:00:52","guid":{"rendered":"https:\/\/wfh.org\/article\/de-nouvelles-sessions-de-presentation-libre-ajoutees-au-programme-du-congres\/"},"modified":"2026-03-12T09:52:07","modified_gmt":"2026-03-12T13:52:07","slug":"de-nouvelles-sessions-de-presentation-libre-ajoutees-au-programme-du-congres","status":"publish","type":"post","link":"https:\/\/wfh.org\/fr\/article\/de-nouvelles-sessions-de-presentation-libre-ajoutees-au-programme-du-congres\/","title":{"rendered":"De nouvelles sessions de pr\u00e9sentation libre ajout\u00e9es au programme du Congr\u00e8s"},"content":{"rendered":"\t\t<div data-elementor-type=\"wp-post\" data-elementor-id=\"102539\" class=\"elementor elementor-102539 elementor-102056\" data-elementor-post-type=\"post\">\n\t\t\t\t\t\t<section class=\"elementor-section elementor-top-section elementor-element elementor-element-9982320 elementor-section-boxed elementor-section-height-default elementor-section-height-default\" data-id=\"9982320\" data-element_type=\"section\" data-e-type=\"section\">\n\t\t\t\t\t\t<div class=\"elementor-container elementor-column-gap-default\">\n\t\t\t\t\t<div class=\"elementor-column elementor-col-100 elementor-top-column elementor-element elementor-element-56ef329\" data-id=\"56ef329\" data-element_type=\"column\" data-e-type=\"column\">\n\t\t\t<div class=\"elementor-widget-wrap elementor-element-populated\">\n\t\t\t\t\t\t<div class=\"elementor-element elementor-element-1662e3b elementor-widget elementor-widget-text-editor\" data-id=\"1662e3b\" data-element_type=\"widget\" data-e-type=\"widget\" data-widget_type=\"text-editor.default\">\n\t\t\t\t<div class=\"elementor-widget-container\">\n\t\t\t\t\t\t\t\t\t<p>Lors du <a href=\"https:\/\/wfh.org\/fr\/congres\/\" target=\"_blank\" rel=\"noopener\">Congr\u00e8s mondial 2024 de la FMH<\/a>, les sessions de pr\u00e9sentation libre seront men\u00e9es par des auteurs et autrices qui proposeront une pr\u00e9sentation orale de leurs abstracts, suivie de questions-r\u00e9ponses. Ces sessions \u00e9voqueront un grand nombre de sujets, dont\u00a0ceux-ci\u00a0:<\/p>\n\t\t\t\t\t\t\t\t<\/div>\n\t\t\t\t<\/div>\n\t\t\t\t<div class=\"elementor-element elementor-element-979489b elementor-icon-list--layout-traditional elementor-list-item-link-full_width elementor-widget elementor-widget-icon-list\" data-id=\"979489b\" data-element_type=\"widget\" data-e-type=\"widget\" data-widget_type=\"icon-list.default\">\n\t\t\t\t<div class=\"elementor-widget-container\">\n\t\t\t\t\t\t\t<ul class=\"elementor-icon-list-items\">\n\t\t\t\t\t\t\t<li class=\"elementor-icon-list-item\">\n\t\t\t\t\t\t\t\t\t\t\t<span class=\"elementor-icon-list-icon\">\n\t\t\t\t\t\t\t<i aria-hidden=\"true\" class=\"fas fa-check\"><\/i>\t\t\t\t\t\t<\/span>\n\t\t\t\t\t\t\t\t\t\t<span class=\"elementor-icon-list-text\">Nouveaux produits et th\u00e9rapies nouvelles<\/span>\n\t\t\t\t\t\t\t\t\t<\/li>\n\t\t\t\t\t\t\t\t<li class=\"elementor-icon-list-item\">\n\t\t\t\t\t\t\t\t\t\t\t<span class=\"elementor-icon-list-icon\">\n\t\t\t\t\t\t\t<i aria-hidden=\"true\" class=\"fas fa-check\"><\/i>\t\t\t\t\t\t<\/span>\n\t\t\t\t\t\t\t\t\t\t<span class=\"elementor-icon-list-text\">Sant\u00e9 des femmes et des filles et recherches dans ce domaine<\/span>\n\t\t\t\t\t\t\t\t\t<\/li>\n\t\t\t\t\t\t\t\t<li class=\"elementor-icon-list-item\">\n\t\t\t\t\t\t\t\t\t\t\t<span class=\"elementor-icon-list-icon\">\n\t\t\t\t\t\t\t<i aria-hidden=\"true\" class=\"fas fa-check\"><\/i>\t\t\t\t\t\t<\/span>\n\t\t\t\t\t\t\t\t\t\t<span class=\"elementor-icon-list-text\">Recherches en mati\u00e8re de qualit\u00e9 de vie et de r\u00e9sultats<\/span>\n\t\t\t\t\t\t\t\t\t<\/li>\n\t\t\t\t\t\t\t\t<li class=\"elementor-icon-list-item\">\n\t\t\t\t\t\t\t\t\t\t\t<span class=\"elementor-icon-list-icon\">\n\t\t\t\t\t\t\t<i aria-hidden=\"true\" class=\"fas fa-check\"><\/i>\t\t\t\t\t\t<\/span>\n\t\t\t\t\t\t\t\t\t\t<span class=\"elementor-icon-list-text\">Maladie de Willebrand (MW)<\/span>\n\t\t\t\t\t\t\t\t\t<\/li>\n\t\t\t\t\t\t\t\t<li class=\"elementor-icon-list-item\">\n\t\t\t\t\t\t\t\t\t\t\t<span class=\"elementor-icon-list-icon\">\n\t\t\t\t\t\t\t<i aria-hidden=\"true\" class=\"fas fa-check\"><\/i>\t\t\t\t\t\t<\/span>\n\t\t\t\t\t\t\t\t\t\t<span class=\"elementor-icon-list-text\">Th\u00e9rapie g\u00e9nique<\/span>\n\t\t\t\t\t\t\t\t\t<\/li>\n\t\t\t\t\t\t\t\t<li class=\"elementor-icon-list-item\">\n\t\t\t\t\t\t\t\t\t\t\t<span class=\"elementor-icon-list-icon\">\n\t\t\t\t\t\t\t<i aria-hidden=\"true\" class=\"fas fa-check\"><\/i>\t\t\t\t\t\t<\/span>\n\t\t\t\t\t\t\t\t\t\t<span class=\"elementor-icon-list-text\">Recherche clinique et essais cliniques<\/span>\n\t\t\t\t\t\t\t\t\t<\/li>\n\t\t\t\t\t\t\t\t<li class=\"elementor-icon-list-item\">\n\t\t\t\t\t\t\t\t\t\t\t<span class=\"elementor-icon-list-icon\">\n\t\t\t\t\t\t\t<i aria-hidden=\"true\" class=\"fas fa-check\"><\/i>\t\t\t\t\t\t<\/span>\n\t\t\t\t\t\t\t\t\t\t<span class=\"elementor-icon-list-text\">Mod\u00e8les de renforcement des capacit\u00e9s, de plaidoyer et de sensibilisation<\/span>\n\t\t\t\t\t\t\t\t\t<\/li>\n\t\t\t\t\t\t\t\t<li class=\"elementor-icon-list-item\">\n\t\t\t\t\t\t\t\t\t\t\t<span class=\"elementor-icon-list-icon\">\n\t\t\t\t\t\t\t<i aria-hidden=\"true\" class=\"fas fa-check\"><\/i>\t\t\t\t\t\t<\/span>\n\t\t\t\t\t\t\t\t\t\t<span class=\"elementor-icon-list-text\">Probl\u00e8mes orthop\u00e9diques<\/span>\n\t\t\t\t\t\t\t\t\t<\/li>\n\t\t\t\t\t\t\t\t<li class=\"elementor-icon-list-item\">\n\t\t\t\t\t\t\t\t\t\t\t<span class=\"elementor-icon-list-icon\">\n\t\t\t\t\t\t\t<i aria-hidden=\"true\" class=\"fas fa-check\"><\/i>\t\t\t\t\t\t<\/span>\n\t\t\t\t\t\t\t\t\t\t<span class=\"elementor-icon-list-text\">Kin\u00e9sith\u00e9rapie et r\u00e9\u00e9ducation<\/span>\n\t\t\t\t\t\t\t\t\t<\/li>\n\t\t\t\t\t\t\t\t<li class=\"elementor-icon-list-item\">\n\t\t\t\t\t\t\t\t\t\t\t<span class=\"elementor-icon-list-icon\">\n\t\t\t\t\t\t\t<i aria-hidden=\"true\" class=\"fas fa-check\"><\/i>\t\t\t\t\t\t<\/span>\n\t\t\t\t\t\t\t\t\t\t<span class=\"elementor-icon-list-text\">Probl\u00e8mes infirmiers et prestation de soins<\/span>\n\t\t\t\t\t\t\t\t\t<\/li>\n\t\t\t\t\t\t\t\t<li class=\"elementor-icon-list-item\">\n\t\t\t\t\t\t\t\t\t\t\t<span class=\"elementor-icon-list-icon\">\n\t\t\t\t\t\t\t<i aria-hidden=\"true\" class=\"fas fa-check\"><\/i>\t\t\t\t\t\t<\/span>\n\t\t\t\t\t\t\t\t\t\t<span class=\"elementor-icon-list-text\">Sant\u00e9 bucco-dentaire<\/span>\n\t\t\t\t\t\t\t\t\t<\/li>\n\t\t\t\t\t\t\t\t<li class=\"elementor-icon-list-item\">\n\t\t\t\t\t\t\t\t\t\t\t<span class=\"elementor-icon-list-icon\">\n\t\t\t\t\t\t\t<i aria-hidden=\"true\" class=\"fas fa-check\"><\/i>\t\t\t\t\t\t<\/span>\n\t\t\t\t\t\t\t\t\t\t<span class=\"elementor-icon-list-text\">Questions psychosociales<\/span>\n\t\t\t\t\t\t\t\t\t<\/li>\n\t\t\t\t\t\t\t\t<li class=\"elementor-icon-list-item\">\n\t\t\t\t\t\t\t\t\t\t\t<span class=\"elementor-icon-list-icon\">\n\t\t\t\t\t\t\t<i aria-hidden=\"true\" class=\"fas fa-check\"><\/i>\t\t\t\t\t\t<\/span>\n\t\t\t\t\t\t\t\t\t\t<span class=\"elementor-icon-list-text\">\u2026 et bien d\u2019autres encore !<\/span>\n\t\t\t\t\t\t\t\t\t<\/li>\n\t\t\t\t\t\t<\/ul>\n\t\t\t\t\t\t<\/div>\n\t\t\t\t<\/div>\n\t\t\t\t<div class=\"elementor-element elementor-element-58f73bd elementor-widget elementor-widget-text-editor\" data-id=\"58f73bd\" data-element_type=\"widget\" data-e-type=\"widget\" data-widget_type=\"text-editor.default\">\n\t\t\t\t<div class=\"elementor-widget-container\">\n\t\t\t\t\t\t\t\t\t<p>Pour en savoir plus sur toutes les sessions de pr\u00e9sentation libre qui auront lieu lors du Congr\u00e8s mondial 2024 de la FMH, <a href=\"https:\/\/wfhcongress2024.eventscribe.net\/SearchByBucket.asp?f=PresentationType&amp;bm=FP&amp;pfp=CongressSessions\" target=\"_blank\" rel=\"noopener\">cliquez ici<\/a>.<\/p>\n\t\t\t\t\t\t\t\t<\/div>\n\t\t\t\t<\/div>\n\t\t\t\t<div class=\"elementor-element elementor-element-c390951 elementor-widget elementor-widget-heading\" data-id=\"c390951\" data-element_type=\"widget\" data-e-type=\"widget\" data-widget_type=\"heading.default\">\n\t\t\t\t<div class=\"elementor-widget-container\">\n\t\t\t\t\t<h3 class=\"elementor-heading-title elementor-size-default\">Ne manquez pas les sessions du prix Christine Lee pour les jeunes chercheurs et chercheuses<\/h3>\t\t\t\t<\/div>\n\t\t\t\t<\/div>\n\t\t\t\t<div class=\"elementor-element elementor-element-f6e8ebb elementor-widget elementor-widget-text-editor\" data-id=\"f6e8ebb\" data-element_type=\"widget\" data-e-type=\"widget\" data-widget_type=\"text-editor.default\">\n\t\t\t\t<div class=\"elementor-widget-container\">\n\t\t\t\t\t\t\t\t\t<p>Cr\u00e9\u00e9 en 2012 par la F\u00e9d\u00e9ration mondiale de l\u2019h\u00e9mophilie (FMH) et Wiley, <a href=\"https:\/\/wfh.org\/fr\/prix\/#partner\" target=\"_blank\" rel=\"noopener\">le Prix Christine Lee pour les jeunes chercheurs<\/a> est attribu\u00e9 \u00e0 un jeune chercheur ou une jeune chercheuse (\u00e9tudiant\u00b7e ayant obtenu un dipl\u00f4me d\u2019\u00e9tudes sup\u00e9rieures ou un doctorat), qui a r\u00e9dig\u00e9 et pr\u00e9sent\u00e9 une synth\u00e8se de travaux ayant obtenu d\u2019excellentes notes dans tout domaine li\u00e9 \u00e0 l\u2019h\u00e9mophilie ou \u00e0 tout autre trouble de la coagulation.<\/p>\n<p>Une r\u00e9compense de 3 000 USD est attribu\u00e9e \u00e0 la meilleure pr\u00e9sentation libre, et une autre de 1 000 USD \u00e0 la meilleure pr\u00e9sentation par affiche\u00a0; un abonnement de trois ans \u00e0 la version \u00e9lectronique de <em>Haemophilia<\/em> est \u00e9galement offert \u00e0 chacun\u00b7e des deux laur\u00e9at\u00b7es.<\/p>\n<p>Les auteurs et autrices tenteront leur chance pour le Prix Christine Lee lors des trois sessions list\u00e9es ci-dessous*.<\/p>\n<p><strong>Les noms des gagnant\u00b7es seront annonc\u00e9s lors de la session pl\u00e9ni\u00e8re de cl\u00f4ture le mercredi 24 avril 2024 (16h30 \u2013 17h00, heure avanc\u00e9e d\u2019Europe centrale).<\/strong><\/p>\n\t\t\t\t\t\t\t\t<\/div>\n\t\t\t\t<\/div>\n\t\t\t\t<div class=\"elementor-element elementor-element-5d254c3 elementor-widget elementor-widget-accordion\" data-id=\"5d254c3\" data-element_type=\"widget\" data-e-type=\"widget\" data-widget_type=\"accordion.default\">\n\t\t\t\t<div class=\"elementor-widget-container\">\n\t\t\t\t\t\t\t<div class=\"elementor-accordion\">\n\t\t\t\t\t\t\t<div class=\"elementor-accordion-item\">\n\t\t\t\t\t<div id=\"elementor-tab-title-9761\" class=\"elementor-tab-title\" data-tab=\"1\" role=\"button\" aria-controls=\"elementor-tab-content-9761\" aria-expanded=\"false\">\n\t\t\t\t\t\t\t\t\t\t\t\t\t<span class=\"elementor-accordion-icon elementor-accordion-icon-right\" aria-hidden=\"true\">\n\t\t\t\t\t\t\t\t\t\t\t\t\t\t\t<span class=\"elementor-accordion-icon-closed\"><i class=\"fas fa-chevron-down\"><\/i><\/span>\n\t\t\t\t\t\t\t\t<span class=\"elementor-accordion-icon-opened\"><i class=\"fas fa-chevron-up\"><\/i><\/span>\n\t\t\t\t\t\t\t\t\t\t\t\t\t\t<\/span>\n\t\t\t\t\t\t\t\t\t\t\t\t<a class=\"elementor-accordion-title\" tabindex=\"0\">Session de pr\u00e9sentation libre : Jeunes chercheurs et chercheuses<\/a>\n\t\t\t\t\t<\/div>\n\t\t\t\t\t<div id=\"elementor-tab-content-9761\" class=\"elementor-tab-content elementor-clearfix\" data-tab=\"1\" role=\"region\" aria-labelledby=\"elementor-tab-title-9761\"><p>23 avril 2024, 11h30 \u2013 12h30<\/p>\n<ul>\n<li>Fitusiran displays efficient pro-hemostatic activity in a mouse model of inducible factor X-deficiency, Genevi\u00e8ve McCluskey (France)<\/li>\n<li>Evaluating the impact of the Self-BAT screening tool on referral outcomes. Results of the \u201cLet\u2019s Talk Period\u201d project, Laura McDonald (Canada)<\/li>\n<li>The lower double negative T cells proportion predicted the better high-titer inhibitors eradication outcomes of immune tolerance induction, Zhengping Li (Chine)<\/li>\n<li>Bleeding profile and quality of life and women and girls with hemophilia, von Willebrand disease (VWD) and rare bleeding disorders, Nita Radhakrishnan (Inde)<\/li>\n<\/ul>\n<\/div>\n\t\t\t\t<\/div>\n\t\t\t\t\t\t\t<div class=\"elementor-accordion-item\">\n\t\t\t\t\t<div id=\"elementor-tab-title-9762\" class=\"elementor-tab-title\" data-tab=\"2\" role=\"button\" aria-controls=\"elementor-tab-content-9762\" aria-expanded=\"false\">\n\t\t\t\t\t\t\t\t\t\t\t\t\t<span class=\"elementor-accordion-icon elementor-accordion-icon-right\" aria-hidden=\"true\">\n\t\t\t\t\t\t\t\t\t\t\t\t\t\t\t<span class=\"elementor-accordion-icon-closed\"><i class=\"fas fa-chevron-down\"><\/i><\/span>\n\t\t\t\t\t\t\t\t<span class=\"elementor-accordion-icon-opened\"><i class=\"fas fa-chevron-up\"><\/i><\/span>\n\t\t\t\t\t\t\t\t\t\t\t\t\t\t<\/span>\n\t\t\t\t\t\t\t\t\t\t\t\t<a class=\"elementor-accordion-title\" tabindex=\"0\">Session de pr\u00e9sentation mod\u00e9r\u00e9e par affiche : Jeunes chercheurs et chercheuses (Partie 1)<\/a>\n\t\t\t\t\t<\/div>\n\t\t\t\t\t<div id=\"elementor-tab-content-9762\" class=\"elementor-tab-content elementor-clearfix\" data-tab=\"2\" role=\"region\" aria-labelledby=\"elementor-tab-title-9762\"><p>22 avril, 10h45 \u2013 11h30<\/p>\n<ul>\n<li>Better cost-effective outcome of intermediate-dose immune tolerance induction for severe hemophilia A children with high-titer inhibitors in developing countries: the interim report of a randomized multicenter clinical trial in China, Runhui Wu (Chine)<\/li>\n<li>Towards tailoring the use of emicizumab for hemophilia A children in China: a retrospective clinical data from a comprehensive care center of China, Qianqian Mao (Chine)<\/li>\n<li>Comparing desmopressin response classifications in 149 children with von Willebrand disease, Michael Shu (Canada)<\/li>\n<\/ul>\n<\/div>\n\t\t\t\t<\/div>\n\t\t\t\t\t\t\t<div class=\"elementor-accordion-item\">\n\t\t\t\t\t<div id=\"elementor-tab-title-9763\" class=\"elementor-tab-title\" data-tab=\"3\" role=\"button\" aria-controls=\"elementor-tab-content-9763\" aria-expanded=\"false\">\n\t\t\t\t\t\t\t\t\t\t\t\t\t<span class=\"elementor-accordion-icon elementor-accordion-icon-right\" aria-hidden=\"true\">\n\t\t\t\t\t\t\t\t\t\t\t\t\t\t\t<span class=\"elementor-accordion-icon-closed\"><i class=\"fas fa-chevron-down\"><\/i><\/span>\n\t\t\t\t\t\t\t\t<span class=\"elementor-accordion-icon-opened\"><i class=\"fas fa-chevron-up\"><\/i><\/span>\n\t\t\t\t\t\t\t\t\t\t\t\t\t\t<\/span>\n\t\t\t\t\t\t\t\t\t\t\t\t<a class=\"elementor-accordion-title\" tabindex=\"0\">Session de pr\u00e9sentation mod\u00e9r\u00e9e par affiche : Jeunes chercheurs et chercheuses (Partie 2)<\/a>\n\t\t\t\t\t<\/div>\n\t\t\t\t\t<div id=\"elementor-tab-content-9763\" class=\"elementor-tab-content elementor-clearfix\" data-tab=\"3\" role=\"region\" aria-labelledby=\"elementor-tab-title-9763\"><p>22 avril, 15h15 \u2013 16h00<\/p>\n<ul>\n<li>PRO management and collection outside clinical research: why is it so difficult?, Laura Gonz\u00e1lez-Rodr\u00edguez (Spain)<\/li>\n<li>Effects of resistance training on muscle strength in adults with hemophilia: a systematic review and meta-analysis, Rodrigo N\u00fa\u00f1ez-Cort\u00e9s (Chili)<\/li>\n<li>Final efficacy of adjunctive rituximab combined with low-dose immune tolerance induction in hemophilia A patients with inhibitor, Zekun Li \u00a0(Chine)<\/li>\n<li>Use of recombinant von Willebrand factor concentrate for peri-partum hemostatic management of women with type 2 VWD; a case series, Ozlem Turan (Royaume-Uni)<\/li>\n<\/ul>\n<\/div>\n\t\t\t\t<\/div>\n\t\t\t\t\t\t\t\t<\/div>\n\t\t\t\t\t\t<\/div>\n\t\t\t\t<\/div>\n\t\t\t\t<div class=\"elementor-element elementor-element-7196547 elementor-widget elementor-widget-spacer\" data-id=\"7196547\" data-element_type=\"widget\" data-e-type=\"widget\" data-widget_type=\"spacer.default\">\n\t\t\t\t<div class=\"elementor-widget-container\">\n\t\t\t\t\t\t\t<div class=\"elementor-spacer\">\n\t\t\t<div class=\"elementor-spacer-inner\"><\/div>\n\t\t<\/div>\n\t\t\t\t\t\t<\/div>\n\t\t\t\t<\/div>\n\t\t\t\t<div class=\"elementor-element elementor-element-621ada9 elementor-widget elementor-widget-text-editor\" data-id=\"621ada9\" data-element_type=\"widget\" data-e-type=\"widget\" data-widget_type=\"text-editor.default\">\n\t\t\t\t<div class=\"elementor-widget-container\">\n\t\t\t\t\t\t\t\t\t<p>D\u00e9couvrez tout ce que vous propose le Congr\u00e8s mondial 2024 de la FMH en consultant le programme d\u00e9taill\u00e9 <a href=\"https:\/\/wfhcongress2024.eventscribe.net\/\">ici<\/a>. Pour en savoir plus sur le Congr\u00e8s, <a href=\"https:\/\/wfh.org\/fr\/congres\/\" target=\"_blank\" rel=\"noopener\">cliquez ici<\/a>.<\/p>\n<p>*Les titres des pr\u00e9sentations ont \u00e9t\u00e9 laiss\u00e9s en anglais, car les articles ont \u00e9t\u00e9 publi\u00e9s dans cette langue et ne disposent pas d\u2019une traduction fran\u00e7aise \u00e0 l\u2019heure actuelle.<\/p>\n\t\t\t\t\t\t\t\t<\/div>\n\t\t\t\t<\/div>\n\t\t\t\t<div class=\"elementor-element elementor-element-2d4d3e7 elementor-widget elementor-widget-image\" data-id=\"2d4d3e7\" data-element_type=\"widget\" data-e-type=\"widget\" data-widget_type=\"image.default\">\n\t\t\t\t<div class=\"elementor-widget-container\">\n\t\t\t\t\t\t\t\t\t\t\t\t\t\t\t\t<a href=\"https:\/\/wfh.org\/fr\/congres\/inscription\/\" target=\"_blank\">\n\t\t\t\t\t\t\t<img fetchpriority=\"high\" decoding=\"async\" width=\"1250\" height=\"271\" src=\"https:\/\/wfh.org\/wp-content\/uploads\/2023\/09\/Congress-Madrid-Register-Now-Article-Footers-FR.jpg\" class=\"attachment-full size-full wp-image-84652\" alt=\"\" srcset=\"https:\/\/wfh.org\/wp-content\/uploads\/2023\/09\/Congress-Madrid-Register-Now-Article-Footers-FR.jpg 1250w, https:\/\/wfh.org\/wp-content\/uploads\/2023\/09\/Congress-Madrid-Register-Now-Article-Footers-FR-192x42.jpg 192w, https:\/\/wfh.org\/wp-content\/uploads\/2023\/09\/Congress-Madrid-Register-Now-Article-Footers-FR-768x167.jpg 768w\" sizes=\"(max-width: 1250px) 100vw, 1250px\" \/>\t\t\t\t\t\t\t\t<\/a>\n\t\t\t\t\t\t\t\t\t\t\t\t\t\t\t<\/div>\n\t\t\t\t<\/div>\n\t\t\t\t\t<\/div>\n\t\t<\/div>\n\t\t\t\t\t<\/div>\n\t\t<\/section>\n\t\t\t\t<\/div>\n\t\t","protected":false},"excerpt":{"rendered":"<p>Le Congr\u00e8s mondial 2024 de la FMH se tiendra dans tout juste quelques semaines, et nous avons le plaisir de vous annoncer que dix nouvelles sessions de pr\u00e9sentation libre ont \u00e9t\u00e9 ajout\u00e9es au programme. Ces sessions pr\u00e9senteront les meilleurs abstracts des expert\u00b7e\u00b7s de notre domaine. Venez y assister et d\u00e9couvrez la recherche de pointe dans divers domaines.<\/p>\n","protected":false},"author":13,"featured_media":102084,"comment_status":"closed","ping_status":"closed","sticky":false,"template":"","format":"standard","meta":{"inline_featured_image":false,"footnotes":""},"categories":[169,332,33],"tags":[],"search-category":[85],"class_list":["post-102539","post","type-post","status-publish","format-standard","has-post-thumbnail","hentry","category-events-2","category-featured-2","category-wfh-world-congress","search-category-article"],"yoast_head":"<!-- This site is optimized with the Yoast SEO Premium plugin v27.2 (Yoast SEO v27.2) - https:\/\/yoast.com\/product\/yoast-seo-premium-wordpress\/ -->\n<title>De nouvelles sessions de pr\u00e9sentation libre ajout\u00e9es au programme du Congr\u00e8s | FMH - F\u00e9d\u00e9ration mondiale de l\u2019h\u00e9mophilie<\/title>\n<meta name=\"robots\" content=\"index, follow, max-snippet:-1, max-image-preview:large, max-video-preview:-1\" \/>\n<link rel=\"canonical\" href=\"https:\/\/wfh.org\/fr\/article\/de-nouvelles-sessions-de-presentation-libre-ajoutees-au-programme-du-congres\/\" \/>\n<meta property=\"og:locale\" content=\"fr_FR\" \/>\n<meta property=\"og:type\" content=\"article\" \/>\n<meta property=\"og:title\" content=\"De nouvelles sessions de pr\u00e9sentation libre ajout\u00e9es au programme du Congr\u00e8s\" \/>\n<meta property=\"og:description\" content=\"Le Congr\u00e8s mondial 2024 de la FMH se tiendra dans tout juste quelques semaines, et nous avons le plaisir de vous annoncer que dix nouvelles sessions de pr\u00e9sentation libre ont \u00e9t\u00e9 ajout\u00e9es au programme. Ces sessions pr\u00e9senteront les meilleurs abstracts des expert\u00b7e\u00b7s de notre domaine. Venez y assister et d\u00e9couvrez la recherche de pointe dans divers domaines.\" \/>\n<meta property=\"og:url\" content=\"https:\/\/wfh.org\/fr\/article\/de-nouvelles-sessions-de-presentation-libre-ajoutees-au-programme-du-congres\/\" \/>\n<meta property=\"og:site_name\" content=\"FMH - F\u00e9d\u00e9ration mondiale de l\u2019h\u00e9mophilie\" \/>\n<meta property=\"article:publisher\" content=\"https:\/\/www.facebook.com\/wfhemophilia\/\" \/>\n<meta property=\"article:published_time\" content=\"2024-03-12T13:00:52+00:00\" \/>\n<meta property=\"article:modified_time\" content=\"2026-03-12T13:52:07+00:00\" \/>\n<meta property=\"og:image\" content=\"https:\/\/wfh.org\/wp-content\/uploads\/2024\/03\/Free-paper-session-header-FR.jpg\" \/>\n\t<meta property=\"og:image:width\" content=\"1200\" \/>\n\t<meta property=\"og:image:height\" content=\"627\" \/>\n\t<meta property=\"og:image:type\" content=\"image\/jpeg\" \/>\n<meta name=\"author\" content=\"Mitch Semienchuk\" \/>\n<meta name=\"twitter:card\" content=\"summary_large_image\" \/>\n<meta name=\"twitter:label1\" content=\"\u00c9crit par\" \/>\n\t<meta name=\"twitter:data1\" content=\"Mitch Semienchuk\" \/>\n\t<meta name=\"twitter:label2\" content=\"Dur\u00e9e de lecture estim\u00e9e\" \/>\n\t<meta name=\"twitter:data2\" content=\"3 minutes\" \/>\n<script type=\"application\/ld+json\" class=\"yoast-schema-graph\">{\"@context\":\"https:\/\/schema.org\",\"@graph\":[{\"@type\":\"Article\",\"@id\":\"https:\/\/wfh.org\/fr\/article\/de-nouvelles-sessions-de-presentation-libre-ajoutees-au-programme-du-congres\/#article\",\"isPartOf\":{\"@id\":\"https:\/\/wfh.org\/fr\/article\/de-nouvelles-sessions-de-presentation-libre-ajoutees-au-programme-du-congres\/\"},\"author\":{\"name\":\"Mitch Semienchuk\",\"@id\":\"https:\/\/wfh.org\/fr\/#\/schema\/person\/4aea5b13c1966452a640eef39423925b\"},\"headline\":\"De nouvelles sessions de pr\u00e9sentation libre ajout\u00e9es au programme du Congr\u00e8s\",\"datePublished\":\"2024-03-12T13:00:52+00:00\",\"dateModified\":\"2026-03-12T13:52:07+00:00\",\"mainEntityOfPage\":{\"@id\":\"https:\/\/wfh.org\/fr\/article\/de-nouvelles-sessions-de-presentation-libre-ajoutees-au-programme-du-congres\/\"},\"wordCount\":693,\"publisher\":{\"@id\":\"https:\/\/wfh.org\/fr\/#organization\"},\"image\":{\"@id\":\"https:\/\/wfh.org\/fr\/article\/de-nouvelles-sessions-de-presentation-libre-ajoutees-au-programme-du-congres\/#primaryimage\"},\"thumbnailUrl\":\"https:\/\/wfh.org\/wp-content\/uploads\/2024\/03\/Free-paper-session-header-FR.jpg\",\"articleSection\":[\"Events\",\"Featured 2\",\"WFH World Congress\"],\"inLanguage\":\"fr-FR\"},{\"@type\":\"WebPage\",\"@id\":\"https:\/\/wfh.org\/fr\/article\/de-nouvelles-sessions-de-presentation-libre-ajoutees-au-programme-du-congres\/\",\"url\":\"https:\/\/wfh.org\/fr\/article\/de-nouvelles-sessions-de-presentation-libre-ajoutees-au-programme-du-congres\/\",\"name\":\"De nouvelles sessions de pr\u00e9sentation libre ajout\u00e9es au programme du Congr\u00e8s | FMH - F\u00e9d\u00e9ration mondiale de l\u2019h\u00e9mophilie\",\"isPartOf\":{\"@id\":\"https:\/\/wfh.org\/fr\/#website\"},\"primaryImageOfPage\":{\"@id\":\"https:\/\/wfh.org\/fr\/article\/de-nouvelles-sessions-de-presentation-libre-ajoutees-au-programme-du-congres\/#primaryimage\"},\"image\":{\"@id\":\"https:\/\/wfh.org\/fr\/article\/de-nouvelles-sessions-de-presentation-libre-ajoutees-au-programme-du-congres\/#primaryimage\"},\"thumbnailUrl\":\"https:\/\/wfh.org\/wp-content\/uploads\/2024\/03\/Free-paper-session-header-FR.jpg\",\"datePublished\":\"2024-03-12T13:00:52+00:00\",\"dateModified\":\"2026-03-12T13:52:07+00:00\",\"inLanguage\":\"fr-FR\",\"potentialAction\":[{\"@type\":\"ReadAction\",\"target\":[\"https:\/\/wfh.org\/fr\/article\/de-nouvelles-sessions-de-presentation-libre-ajoutees-au-programme-du-congres\/\"]}]},{\"@type\":\"ImageObject\",\"inLanguage\":\"fr-FR\",\"@id\":\"https:\/\/wfh.org\/fr\/article\/de-nouvelles-sessions-de-presentation-libre-ajoutees-au-programme-du-congres\/#primaryimage\",\"url\":\"https:\/\/wfh.org\/wp-content\/uploads\/2024\/03\/Free-paper-session-header-FR.jpg\",\"contentUrl\":\"https:\/\/wfh.org\/wp-content\/uploads\/2024\/03\/Free-paper-session-header-FR.jpg\",\"width\":1200,\"height\":627},{\"@type\":\"WebSite\",\"@id\":\"https:\/\/wfh.org\/fr\/#website\",\"url\":\"https:\/\/wfh.org\/fr\/\",\"name\":\"FMH - F\u00e9d\u00e9ration mondiale de l\u2019h\u00e9mophilie\",\"description\":\"WFH - World Federation of Hemophilia\",\"publisher\":{\"@id\":\"https:\/\/wfh.org\/fr\/#organization\"},\"potentialAction\":[{\"@type\":\"SearchAction\",\"target\":{\"@type\":\"EntryPoint\",\"urlTemplate\":\"https:\/\/wfh.org\/fr\/?s={search_term_string}\"},\"query-input\":{\"@type\":\"PropertyValueSpecification\",\"valueRequired\":true,\"valueName\":\"search_term_string\"}}],\"inLanguage\":\"fr-FR\"},{\"@type\":\"Organization\",\"@id\":\"https:\/\/wfh.org\/fr\/#organization\",\"name\":\"World Federation of Hemophilia\",\"url\":\"https:\/\/wfh.org\/fr\/\",\"logo\":{\"@type\":\"ImageObject\",\"inLanguage\":\"fr-FR\",\"@id\":\"https:\/\/wfh.org\/fr\/#\/schema\/logo\/image\/\",\"url\":\"https:\/\/wfh.org\/wp-content\/uploads\/2021\/10\/WFH-LOGO-ENGLISH.svg\",\"contentUrl\":\"https:\/\/wfh.org\/wp-content\/uploads\/2021\/10\/WFH-LOGO-ENGLISH.svg\",\"width\":210,\"height\":63,\"caption\":\"World Federation of Hemophilia\"},\"image\":{\"@id\":\"https:\/\/wfh.org\/fr\/#\/schema\/logo\/image\/\"},\"sameAs\":[\"https:\/\/www.facebook.com\/wfhemophilia\/\"]},{\"@type\":\"Person\",\"@id\":\"https:\/\/wfh.org\/fr\/#\/schema\/person\/4aea5b13c1966452a640eef39423925b\",\"name\":\"Mitch Semienchuk\",\"sameAs\":[\"analytics\"]}]}<\/script>\n<!-- \/ Yoast SEO Premium plugin. -->","yoast_head_json":{"title":"De nouvelles sessions de pr\u00e9sentation libre ajout\u00e9es au programme du Congr\u00e8s | FMH - F\u00e9d\u00e9ration mondiale de l\u2019h\u00e9mophilie","robots":{"index":"index","follow":"follow","max-snippet":"max-snippet:-1","max-image-preview":"max-image-preview:large","max-video-preview":"max-video-preview:-1"},"canonical":"https:\/\/wfh.org\/fr\/article\/de-nouvelles-sessions-de-presentation-libre-ajoutees-au-programme-du-congres\/","og_locale":"fr_FR","og_type":"article","og_title":"De nouvelles sessions de pr\u00e9sentation libre ajout\u00e9es au programme du Congr\u00e8s","og_description":"Le Congr\u00e8s mondial 2024 de la FMH se tiendra dans tout juste quelques semaines, et nous avons le plaisir de vous annoncer que dix nouvelles sessions de pr\u00e9sentation libre ont \u00e9t\u00e9 ajout\u00e9es au programme. Ces sessions pr\u00e9senteront les meilleurs abstracts des expert\u00b7e\u00b7s de notre domaine. Venez y assister et d\u00e9couvrez la recherche de pointe dans divers domaines.","og_url":"https:\/\/wfh.org\/fr\/article\/de-nouvelles-sessions-de-presentation-libre-ajoutees-au-programme-du-congres\/","og_site_name":"FMH - F\u00e9d\u00e9ration mondiale de l\u2019h\u00e9mophilie","article_publisher":"https:\/\/www.facebook.com\/wfhemophilia\/","article_published_time":"2024-03-12T13:00:52+00:00","article_modified_time":"2026-03-12T13:52:07+00:00","og_image":[{"width":1200,"height":627,"url":"https:\/\/wfh.org\/wp-content\/uploads\/2024\/03\/Free-paper-session-header-FR.jpg","type":"image\/jpeg"}],"author":"Mitch Semienchuk","twitter_card":"summary_large_image","twitter_misc":{"\u00c9crit par":"Mitch Semienchuk","Dur\u00e9e de lecture estim\u00e9e":"3 minutes"},"schema":{"@context":"https:\/\/schema.org","@graph":[{"@type":"Article","@id":"https:\/\/wfh.org\/fr\/article\/de-nouvelles-sessions-de-presentation-libre-ajoutees-au-programme-du-congres\/#article","isPartOf":{"@id":"https:\/\/wfh.org\/fr\/article\/de-nouvelles-sessions-de-presentation-libre-ajoutees-au-programme-du-congres\/"},"author":{"name":"Mitch Semienchuk","@id":"https:\/\/wfh.org\/fr\/#\/schema\/person\/4aea5b13c1966452a640eef39423925b"},"headline":"De nouvelles sessions de pr\u00e9sentation libre ajout\u00e9es au programme du Congr\u00e8s","datePublished":"2024-03-12T13:00:52+00:00","dateModified":"2026-03-12T13:52:07+00:00","mainEntityOfPage":{"@id":"https:\/\/wfh.org\/fr\/article\/de-nouvelles-sessions-de-presentation-libre-ajoutees-au-programme-du-congres\/"},"wordCount":693,"publisher":{"@id":"https:\/\/wfh.org\/fr\/#organization"},"image":{"@id":"https:\/\/wfh.org\/fr\/article\/de-nouvelles-sessions-de-presentation-libre-ajoutees-au-programme-du-congres\/#primaryimage"},"thumbnailUrl":"https:\/\/wfh.org\/wp-content\/uploads\/2024\/03\/Free-paper-session-header-FR.jpg","articleSection":["Events","Featured 2","WFH World Congress"],"inLanguage":"fr-FR"},{"@type":"WebPage","@id":"https:\/\/wfh.org\/fr\/article\/de-nouvelles-sessions-de-presentation-libre-ajoutees-au-programme-du-congres\/","url":"https:\/\/wfh.org\/fr\/article\/de-nouvelles-sessions-de-presentation-libre-ajoutees-au-programme-du-congres\/","name":"De nouvelles sessions de pr\u00e9sentation libre ajout\u00e9es au programme du Congr\u00e8s | FMH - F\u00e9d\u00e9ration mondiale de l\u2019h\u00e9mophilie","isPartOf":{"@id":"https:\/\/wfh.org\/fr\/#website"},"primaryImageOfPage":{"@id":"https:\/\/wfh.org\/fr\/article\/de-nouvelles-sessions-de-presentation-libre-ajoutees-au-programme-du-congres\/#primaryimage"},"image":{"@id":"https:\/\/wfh.org\/fr\/article\/de-nouvelles-sessions-de-presentation-libre-ajoutees-au-programme-du-congres\/#primaryimage"},"thumbnailUrl":"https:\/\/wfh.org\/wp-content\/uploads\/2024\/03\/Free-paper-session-header-FR.jpg","datePublished":"2024-03-12T13:00:52+00:00","dateModified":"2026-03-12T13:52:07+00:00","inLanguage":"fr-FR","potentialAction":[{"@type":"ReadAction","target":["https:\/\/wfh.org\/fr\/article\/de-nouvelles-sessions-de-presentation-libre-ajoutees-au-programme-du-congres\/"]}]},{"@type":"ImageObject","inLanguage":"fr-FR","@id":"https:\/\/wfh.org\/fr\/article\/de-nouvelles-sessions-de-presentation-libre-ajoutees-au-programme-du-congres\/#primaryimage","url":"https:\/\/wfh.org\/wp-content\/uploads\/2024\/03\/Free-paper-session-header-FR.jpg","contentUrl":"https:\/\/wfh.org\/wp-content\/uploads\/2024\/03\/Free-paper-session-header-FR.jpg","width":1200,"height":627},{"@type":"WebSite","@id":"https:\/\/wfh.org\/fr\/#website","url":"https:\/\/wfh.org\/fr\/","name":"FMH - F\u00e9d\u00e9ration mondiale de l\u2019h\u00e9mophilie","description":"WFH - World Federation of Hemophilia","publisher":{"@id":"https:\/\/wfh.org\/fr\/#organization"},"potentialAction":[{"@type":"SearchAction","target":{"@type":"EntryPoint","urlTemplate":"https:\/\/wfh.org\/fr\/?s={search_term_string}"},"query-input":{"@type":"PropertyValueSpecification","valueRequired":true,"valueName":"search_term_string"}}],"inLanguage":"fr-FR"},{"@type":"Organization","@id":"https:\/\/wfh.org\/fr\/#organization","name":"World Federation of Hemophilia","url":"https:\/\/wfh.org\/fr\/","logo":{"@type":"ImageObject","inLanguage":"fr-FR","@id":"https:\/\/wfh.org\/fr\/#\/schema\/logo\/image\/","url":"https:\/\/wfh.org\/wp-content\/uploads\/2021\/10\/WFH-LOGO-ENGLISH.svg","contentUrl":"https:\/\/wfh.org\/wp-content\/uploads\/2021\/10\/WFH-LOGO-ENGLISH.svg","width":210,"height":63,"caption":"World Federation of Hemophilia"},"image":{"@id":"https:\/\/wfh.org\/fr\/#\/schema\/logo\/image\/"},"sameAs":["https:\/\/www.facebook.com\/wfhemophilia\/"]},{"@type":"Person","@id":"https:\/\/wfh.org\/fr\/#\/schema\/person\/4aea5b13c1966452a640eef39423925b","name":"Mitch Semienchuk","sameAs":["analytics"]}]}},"_links":{"self":[{"href":"https:\/\/wfh.org\/fr\/wp-json\/wp\/v2\/posts\/102539","targetHints":{"allow":["GET"]}}],"collection":[{"href":"https:\/\/wfh.org\/fr\/wp-json\/wp\/v2\/posts"}],"about":[{"href":"https:\/\/wfh.org\/fr\/wp-json\/wp\/v2\/types\/post"}],"author":[{"embeddable":true,"href":"https:\/\/wfh.org\/fr\/wp-json\/wp\/v2\/users\/13"}],"replies":[{"embeddable":true,"href":"https:\/\/wfh.org\/fr\/wp-json\/wp\/v2\/comments?post=102539"}],"version-history":[{"count":3,"href":"https:\/\/wfh.org\/fr\/wp-json\/wp\/v2\/posts\/102539\/revisions"}],"predecessor-version":[{"id":173204,"href":"https:\/\/wfh.org\/fr\/wp-json\/wp\/v2\/posts\/102539\/revisions\/173204"}],"wp:featuredmedia":[{"embeddable":true,"href":"https:\/\/wfh.org\/fr\/wp-json\/wp\/v2\/media\/102084"}],"wp:attachment":[{"href":"https:\/\/wfh.org\/fr\/wp-json\/wp\/v2\/media?parent=102539"}],"wp:term":[{"taxonomy":"category","embeddable":true,"href":"https:\/\/wfh.org\/fr\/wp-json\/wp\/v2\/categories?post=102539"},{"taxonomy":"post_tag","embeddable":true,"href":"https:\/\/wfh.org\/fr\/wp-json\/wp\/v2\/tags?post=102539"},{"taxonomy":"search-category","embeddable":true,"href":"https:\/\/wfh.org\/fr\/wp-json\/wp\/v2\/search-category?post=102539"}],"curies":[{"name":"wp","href":"https:\/\/api.w.org\/{rel}","templated":true}]}}