{"id":185458,"date":"2026-09-03T09:00:29","date_gmt":"2026-09-03T13:00:29","guid":{"rendered":"https:\/\/wfh.org\/?p=185458"},"modified":"2026-09-01T10:01:58","modified_gmt":"2026-09-01T14:01:58","slug":"proyecto-elevate-her-llamar-la-atencion-hacia-mntc","status":"publish","type":"post","link":"https:\/\/wfh.org\/es\/article\/proyecto-elevate-her-llamar-la-atencion-hacia-mntc\/","title":{"rendered":"Proyecto Elevate Her: Llamar la atenci\u00f3n hacia MNTC"},"content":{"rendered":"\t\t<div data-elementor-type=\"wp-post\" data-elementor-id=\"185458\" class=\"elementor elementor-185458 elementor-185439\" data-elementor-post-type=\"post\">\n\t\t\t\t\t\t<section class=\"elementor-section elementor-top-section elementor-element elementor-element-424421e elementor-section-boxed elementor-section-height-default elementor-section-height-default\" data-id=\"424421e\" data-element_type=\"section\" data-e-type=\"section\">\n\t\t\t\t\t\t<div class=\"elementor-container elementor-column-gap-default\">\n\t\t\t\t\t<div class=\"elementor-column elementor-col-100 elementor-top-column elementor-element elementor-element-b53c61e\" data-id=\"b53c61e\" data-element_type=\"column\" data-e-type=\"column\">\n\t\t\t<div class=\"elementor-widget-wrap elementor-element-populated\">\n\t\t\t\t\t\t<div class=\"elementor-element elementor-element-43e1a1f elementor-widget elementor-widget-text-editor\" data-id=\"43e1a1f\" data-element_type=\"widget\" data-e-type=\"widget\" data-widget_type=\"text-editor.default\">\n\t\t\t\t<div class=\"elementor-widget-container\">\n\t\t\t\t\t\t\t\t\t<p>El <a href=\"https:\/\/www.projectelevateher.com\/\" target=\"_blank\" rel=\"noopener\">Proyecto Elevate Her<\/a> combina el monta\u00f1ismo de altura con actividades de cabildeo a escala mundial, centrando cada expedici\u00f3n en distintas problem\u00e1ticas que afectan a MNTC. Meier \u2013quien padece enfermedad de Von Willebrand tipo 2A\u2013 busca convertirse en la primera mujer con un trastorno de la coagulaci\u00f3n en conquistar las \u201cSiete Cumbres\u201d y esquiar el trayecto conocido como el \u201c\u00daltimo grado al Polo Sur\u201d. Con cada ascenso, su objetivo es amplificar las voces de las personas con trastornos de la coagulaci\u00f3n (PCTC), instruir a las comunidades y motivar sus acciones.<\/p>\n<p>Luego de haber completado la expedici\u00f3n al Mont Blanc en junio de 2026, la cual se enfoc\u00f3 en la importancia de la detecci\u00f3n y el diagn\u00f3stico tempranos, la siguiente expedici\u00f3n tendr\u00e1 lugar en el Manaslu, en septiembre de 2026. Esta etapa de la campa\u00f1a se centrar\u00e1 en el acceso equitativo a la atenci\u00f3n y explorar\u00e1 una cuesti\u00f3n fundamental: una vez que mujeres y ni\u00f1as reciben un diagn\u00f3stico, \u00bfpueden acceder a la atenci\u00f3n que necesitan?<\/p>\n\t\t\t\t\t\t\t\t<\/div>\n\t\t\t\t<\/div>\n\t\t\t\t<div class=\"elementor-element elementor-element-37d449c elementor-widget elementor-widget-image\" data-id=\"37d449c\" data-element_type=\"widget\" data-e-type=\"widget\" data-widget_type=\"image.default\">\n\t\t\t\t<div class=\"elementor-widget-container\">\n\t\t\t\t\t\t\t\t\t\t\t\t<figure class=\"wp-caption\">\n\t\t\t\t\t\t\t\t\t\t<img fetchpriority=\"high\" decoding=\"async\" width=\"652\" height=\"627\" src=\"https:\/\/wfh.org\/wp-content\/uploads\/2026\/08\/Project-Elevate-her-image.jpg\" class=\"attachment-medium_large size-medium_large wp-image-185451\" alt=\"Project Elevate Her:\" srcset=\"https:\/\/wfh.org\/wp-content\/uploads\/2026\/08\/Project-Elevate-her-image.jpg 652w, https:\/\/wfh.org\/wp-content\/uploads\/2026\/08\/Project-Elevate-her-image-112x108.jpg 112w\" sizes=\"(max-width: 652px) 100vw, 652px\" \/>\t\t\t\t\t\t\t\t\t\t\t<figcaption class=\"widget-image-caption wp-caption-text\">Maia Meier en la cumbre del Mont Blanc, en junio de 2026.<\/figcaption>\n\t\t\t\t\t\t\t\t\t\t<\/figure>\n\t\t\t\t\t\t\t\t\t<\/div>\n\t\t\t\t<\/div>\n\t\t\t\t<div class=\"elementor-element elementor-element-c7d5dc4 elementor-widget elementor-widget-text-editor\" data-id=\"c7d5dc4\" data-element_type=\"widget\" data-e-type=\"widget\" data-widget_type=\"text-editor.default\">\n\t\t\t\t<div class=\"elementor-widget-container\">\n\t\t\t\t\t\t\t\t\t<p>Como organizaci\u00f3n mundial sin fines de lucro aliada del Proyecto <em>Elevate Her<\/em>, la FMH trabaja estrechamente con Maia Meir en la campa\u00f1a del Manaslu y colaborar\u00e1 con ella a fin de compartir materiales educativos, historias comunitarias, perspectivas regionales e informaci\u00f3n que subraya los singulares retos que enfrentan las MNTC.<\/p>\n<p>El Proyecto <em>Elevate Her<\/em> tambi\u00e9n est\u00e1 dise\u00f1ado como iniciativa impulsada por la comunidad. Quienes deseen apoyarlo pueden participar siguiendo y compartiendo la campa\u00f1a, aportando sus propias experiencias, participando en el estudio de calidad de vida PROBE o mediante donativos. Los fondos recaudados financiar\u00e1n programas, investigaciones, actividades educativas e iniciativas de atenci\u00f3n en beneficio de mujeres y ni\u00f1as con trastornos de la coagulaci\u00f3n, a trav\u00e9s de las organizaciones aliadas del proyecto.<\/p>\n<p>Juntas, la FMH y Maia comparten el compromiso de mejorar la concientizaci\u00f3n, promover un acceso equitativo a la atenci\u00f3n y garantizar que las voces de MNTC se escuchen en las conversaciones mundiales acerca de los trastornos de la coagulaci\u00f3n. Siga las p\u00e1ginas de la FMH en redes sociales para conocer m\u00e1s sobre los avances de Maia en el Proyecto <em>Elevate Her<\/em>, as\u00ed como los logros de nuestra comunidad en general.<\/p>\n<p>Para obtener m\u00e1s informaci\u00f3n (en ingl\u00e9s) sobre el Proyecto <em>Elevate Her<\/em> haga <a href=\"https:\/\/www.projectelevateher.com\/\" target=\"_blank\" rel=\"noopener\">clic aqu\u00ed<\/a>.<\/p>\n\t\t\t\t\t\t\t\t<\/div>\n\t\t\t\t<\/div>\n\t\t\t\t\t<\/div>\n\t\t<\/div>\n\t\t\t\t\t<\/div>\n\t\t<\/section>\n\t\t\t\t<\/div>\n\t\t","protected":false},"excerpt":{"rendered":"<p>El Proyecto Elevate Her (en espa\u00f1ol, El\u00e9vala), una iniciativa plurianual de concienciaci\u00f3n, cabildeo y recaudaci\u00f3n de fondos a escala mundial fundada por Maia Meier, aprovecha algunas de las cumbres m\u00e1s altas del mundo a fin de destacar las necesidades de mujeres y ni\u00f1as con trastornos de la coagulaci\u00f3n (MNTC). Como organizaci\u00f3n mundial sin fines de lucro aliada, la Federaci\u00f3n Mundial de Hemofilia (FMH) se enorgullece de formar parte de esta iniciativa que tendr\u00e1 un gran impacto en nuestra comunidad y que se alinea estrechamente con nuestro compromiso de mejorar el reconocimiento, el diagn\u00f3stico y la atenci\u00f3n de MNTC. <\/p>\n","protected":false},"author":13,"featured_media":185445,"comment_status":"closed","ping_status":"closed","sticky":false,"template":"","format":"standard","meta":{"inline_featured_image":false,"footnotes":""},"categories":[117,181],"tags":[],"search-category":[85],"class_list":["post-185458","post","type-post","status-publish","format-standard","has-post-thumbnail","hentry","category-actividades-de-cabildeo","category-filantropia","search-category-article"],"yoast_head":"<!-- This site is optimized with the Yoast SEO Premium plugin v28.3 (Yoast SEO v28.3) - https:\/\/yoast.com\/product\/yoast-seo-premium-wordpress\/ -->\n<title>Proyecto Elevate Her: Llamar la atenci\u00f3n hacia MNTC | FMH - Federaci\u00f3n Mundial de Hemofilia<\/title>\n<meta name=\"robots\" content=\"index, follow, max-snippet:-1, max-image-preview:large, max-video-preview:-1\" \/>\n<link rel=\"canonical\" href=\"https:\/\/wfh.org\/es\/article\/proyecto-elevate-her-llamar-la-atencion-hacia-mntc\/\" \/>\n<meta property=\"og:locale\" content=\"es_ES\" \/>\n<meta property=\"og:type\" content=\"article\" \/>\n<meta property=\"og:title\" content=\"Proyecto Elevate Her: Llamar la atenci\u00f3n hacia MNTC\" \/>\n<meta property=\"og:description\" content=\"El Proyecto Elevate Her (en espa\u00f1ol, El\u00e9vala), una iniciativa plurianual de concienciaci\u00f3n, cabildeo y recaudaci\u00f3n de fondos a escala mundial fundada por Maia Meier, aprovecha algunas de las cumbres m\u00e1s altas del mundo a fin de destacar las necesidades de mujeres y ni\u00f1as con trastornos de la coagulaci\u00f3n (MNTC). Como organizaci\u00f3n mundial sin fines de lucro aliada, la Federaci\u00f3n Mundial de Hemofilia (FMH) se enorgullece de formar parte de esta iniciativa que tendr\u00e1 un gran impacto en nuestra comunidad y que se alinea estrechamente con nuestro compromiso de mejorar el reconocimiento, el diagn\u00f3stico y la atenci\u00f3n de MNTC.\" \/>\n<meta property=\"og:url\" content=\"https:\/\/wfh.org\/es\/article\/proyecto-elevate-her-llamar-la-atencion-hacia-mntc\/\" \/>\n<meta property=\"og:site_name\" content=\"FMH - Federaci\u00f3n Mundial de Hemofilia\" \/>\n<meta property=\"article:publisher\" content=\"https:\/\/www.facebook.com\/wfhemophilia\/\" \/>\n<meta property=\"article:published_time\" content=\"2026-09-03T13:00:29+00:00\" \/>\n<meta property=\"og:image\" content=\"https:\/\/wfh.org\/wp-content\/uploads\/2026\/08\/Project-Elevate-her-header.jpg\" \/>\n\t<meta property=\"og:image:width\" content=\"1200\" \/>\n\t<meta property=\"og:image:height\" content=\"627\" \/>\n\t<meta property=\"og:image:type\" content=\"image\/jpeg\" \/>\n<meta name=\"author\" content=\"Mitch Semienchuk\" \/>\n<meta name=\"twitter:card\" content=\"summary_large_image\" \/>\n<meta name=\"twitter:label1\" content=\"Escrito por\" \/>\n\t<meta name=\"twitter:data1\" content=\"Mitch Semienchuk\" \/>\n\t<meta name=\"twitter:label2\" content=\"Tiempo de lectura\" \/>\n\t<meta name=\"twitter:data2\" content=\"2 minutos\" \/>\n<script type=\"application\/ld+json\" class=\"yoast-schema-graph\">{\"@context\":\"https:\\\/\\\/schema.org\",\"@graph\":[{\"@type\":\"Article\",\"@id\":\"https:\\\/\\\/wfh.org\\\/es\\\/article\\\/proyecto-elevate-her-llamar-la-atencion-hacia-mntc\\\/#article\",\"isPartOf\":{\"@id\":\"https:\\\/\\\/wfh.org\\\/es\\\/article\\\/proyecto-elevate-her-llamar-la-atencion-hacia-mntc\\\/\"},\"author\":{\"name\":\"Mitch Semienchuk\",\"@id\":\"https:\\\/\\\/wfh.org\\\/es\\\/#\\\/schema\\\/person\\\/4aea5b13c1966452a640eef39423925b\"},\"headline\":\"Proyecto Elevate Her: Llamar la atenci\u00f3n hacia MNTC\",\"datePublished\":\"2026-09-03T13:00:29+00:00\",\"mainEntityOfPage\":{\"@id\":\"https:\\\/\\\/wfh.org\\\/es\\\/article\\\/proyecto-elevate-her-llamar-la-atencion-hacia-mntc\\\/\"},\"wordCount\":419,\"publisher\":{\"@id\":\"https:\\\/\\\/wfh.org\\\/es\\\/#organization\"},\"image\":{\"@id\":\"https:\\\/\\\/wfh.org\\\/es\\\/article\\\/proyecto-elevate-her-llamar-la-atencion-hacia-mntc\\\/#primaryimage\"},\"thumbnailUrl\":\"https:\\\/\\\/wfh.org\\\/wp-content\\\/uploads\\\/2026\\\/08\\\/Project-Elevate-her-header.jpg\",\"articleSection\":[\"Actividades de cabildeo\",\"Filantrop\u00eda\"],\"inLanguage\":\"es\"},{\"@type\":\"WebPage\",\"@id\":\"https:\\\/\\\/wfh.org\\\/es\\\/article\\\/proyecto-elevate-her-llamar-la-atencion-hacia-mntc\\\/\",\"url\":\"https:\\\/\\\/wfh.org\\\/es\\\/article\\\/proyecto-elevate-her-llamar-la-atencion-hacia-mntc\\\/\",\"name\":\"Proyecto Elevate Her: Llamar la atenci\u00f3n hacia MNTC | FMH - Federaci\u00f3n Mundial de Hemofilia\",\"isPartOf\":{\"@id\":\"https:\\\/\\\/wfh.org\\\/es\\\/#website\"},\"primaryImageOfPage\":{\"@id\":\"https:\\\/\\\/wfh.org\\\/es\\\/article\\\/proyecto-elevate-her-llamar-la-atencion-hacia-mntc\\\/#primaryimage\"},\"image\":{\"@id\":\"https:\\\/\\\/wfh.org\\\/es\\\/article\\\/proyecto-elevate-her-llamar-la-atencion-hacia-mntc\\\/#primaryimage\"},\"thumbnailUrl\":\"https:\\\/\\\/wfh.org\\\/wp-content\\\/uploads\\\/2026\\\/08\\\/Project-Elevate-her-header.jpg\",\"datePublished\":\"2026-09-03T13:00:29+00:00\",\"inLanguage\":\"es\",\"potentialAction\":[{\"@type\":\"ReadAction\",\"target\":[\"https:\\\/\\\/wfh.org\\\/es\\\/article\\\/proyecto-elevate-her-llamar-la-atencion-hacia-mntc\\\/\"]}]},{\"@type\":\"ImageObject\",\"inLanguage\":\"es\",\"@id\":\"https:\\\/\\\/wfh.org\\\/es\\\/article\\\/proyecto-elevate-her-llamar-la-atencion-hacia-mntc\\\/#primaryimage\",\"url\":\"https:\\\/\\\/wfh.org\\\/wp-content\\\/uploads\\\/2026\\\/08\\\/Project-Elevate-her-header.jpg\",\"contentUrl\":\"https:\\\/\\\/wfh.org\\\/wp-content\\\/uploads\\\/2026\\\/08\\\/Project-Elevate-her-header.jpg\",\"width\":1200,\"height\":627,\"caption\":\"Maia Meier during the Mount Everest basecamp trek in October 2025.\"},{\"@type\":\"WebSite\",\"@id\":\"https:\\\/\\\/wfh.org\\\/es\\\/#website\",\"url\":\"https:\\\/\\\/wfh.org\\\/es\\\/\",\"name\":\"FMH - Federaci\u00f3n Mundial de Hemofilia\",\"description\":\"WFH - World Federation of Hemophilia\",\"publisher\":{\"@id\":\"https:\\\/\\\/wfh.org\\\/es\\\/#organization\"},\"potentialAction\":[{\"@type\":\"SearchAction\",\"target\":{\"@type\":\"EntryPoint\",\"urlTemplate\":\"https:\\\/\\\/wfh.org\\\/es\\\/?s={search_term_string}\"},\"query-input\":{\"@type\":\"PropertyValueSpecification\",\"valueRequired\":true,\"valueName\":\"search_term_string\"}}],\"inLanguage\":\"es\"},{\"@type\":\"Organization\",\"@id\":\"https:\\\/\\\/wfh.org\\\/es\\\/#organization\",\"name\":\"World Federation of Hemophilia\",\"url\":\"https:\\\/\\\/wfh.org\\\/es\\\/\",\"logo\":{\"@type\":\"ImageObject\",\"inLanguage\":\"es\",\"@id\":\"https:\\\/\\\/wfh.org\\\/es\\\/#\\\/schema\\\/logo\\\/image\\\/\",\"url\":\"https:\\\/\\\/wfh.org\\\/wp-content\\\/uploads\\\/2021\\\/10\\\/WFH-LOGO-ENGLISH.svg\",\"contentUrl\":\"https:\\\/\\\/wfh.org\\\/wp-content\\\/uploads\\\/2021\\\/10\\\/WFH-LOGO-ENGLISH.svg\",\"width\":210,\"height\":63,\"caption\":\"World Federation of Hemophilia\"},\"image\":{\"@id\":\"https:\\\/\\\/wfh.org\\\/es\\\/#\\\/schema\\\/logo\\\/image\\\/\"},\"sameAs\":[\"https:\\\/\\\/www.facebook.com\\\/wfhemophilia\\\/\"]},{\"@type\":\"Person\",\"@id\":\"https:\\\/\\\/wfh.org\\\/es\\\/#\\\/schema\\\/person\\\/4aea5b13c1966452a640eef39423925b\",\"name\":\"Mitch Semienchuk\",\"sameAs\":[\"analytics\"]}]}<\/script>\n<!-- \/ Yoast SEO Premium plugin. -->","yoast_head_json":{"title":"Proyecto Elevate Her: Llamar la atenci\u00f3n hacia MNTC | FMH - Federaci\u00f3n Mundial de Hemofilia","robots":{"index":"index","follow":"follow","max-snippet":"max-snippet:-1","max-image-preview":"max-image-preview:large","max-video-preview":"max-video-preview:-1"},"canonical":"https:\/\/wfh.org\/es\/article\/proyecto-elevate-her-llamar-la-atencion-hacia-mntc\/","og_locale":"es_ES","og_type":"article","og_title":"Proyecto Elevate Her: Llamar la atenci\u00f3n hacia MNTC","og_description":"El Proyecto Elevate Her (en espa\u00f1ol, El\u00e9vala), una iniciativa plurianual de concienciaci\u00f3n, cabildeo y recaudaci\u00f3n de fondos a escala mundial fundada por Maia Meier, aprovecha algunas de las cumbres m\u00e1s altas del mundo a fin de destacar las necesidades de mujeres y ni\u00f1as con trastornos de la coagulaci\u00f3n (MNTC). Como organizaci\u00f3n mundial sin fines de lucro aliada, la Federaci\u00f3n Mundial de Hemofilia (FMH) se enorgullece de formar parte de esta iniciativa que tendr\u00e1 un gran impacto en nuestra comunidad y que se alinea estrechamente con nuestro compromiso de mejorar el reconocimiento, el diagn\u00f3stico y la atenci\u00f3n de MNTC.","og_url":"https:\/\/wfh.org\/es\/article\/proyecto-elevate-her-llamar-la-atencion-hacia-mntc\/","og_site_name":"FMH - Federaci\u00f3n Mundial de Hemofilia","article_publisher":"https:\/\/www.facebook.com\/wfhemophilia\/","article_published_time":"2026-09-03T13:00:29+00:00","og_image":[{"width":1200,"height":627,"url":"https:\/\/wfh.org\/wp-content\/uploads\/2026\/08\/Project-Elevate-her-header.jpg","type":"image\/jpeg"}],"author":"Mitch Semienchuk","twitter_card":"summary_large_image","twitter_misc":{"Escrito por":"Mitch Semienchuk","Tiempo de lectura":"2 minutos"},"schema":{"@context":"https:\/\/schema.org","@graph":[{"@type":"Article","@id":"https:\/\/wfh.org\/es\/article\/proyecto-elevate-her-llamar-la-atencion-hacia-mntc\/#article","isPartOf":{"@id":"https:\/\/wfh.org\/es\/article\/proyecto-elevate-her-llamar-la-atencion-hacia-mntc\/"},"author":{"name":"Mitch Semienchuk","@id":"https:\/\/wfh.org\/es\/#\/schema\/person\/4aea5b13c1966452a640eef39423925b"},"headline":"Proyecto Elevate Her: Llamar la atenci\u00f3n hacia MNTC","datePublished":"2026-09-03T13:00:29+00:00","mainEntityOfPage":{"@id":"https:\/\/wfh.org\/es\/article\/proyecto-elevate-her-llamar-la-atencion-hacia-mntc\/"},"wordCount":419,"publisher":{"@id":"https:\/\/wfh.org\/es\/#organization"},"image":{"@id":"https:\/\/wfh.org\/es\/article\/proyecto-elevate-her-llamar-la-atencion-hacia-mntc\/#primaryimage"},"thumbnailUrl":"https:\/\/wfh.org\/wp-content\/uploads\/2026\/08\/Project-Elevate-her-header.jpg","articleSection":["Actividades de cabildeo","Filantrop\u00eda"],"inLanguage":"es"},{"@type":"WebPage","@id":"https:\/\/wfh.org\/es\/article\/proyecto-elevate-her-llamar-la-atencion-hacia-mntc\/","url":"https:\/\/wfh.org\/es\/article\/proyecto-elevate-her-llamar-la-atencion-hacia-mntc\/","name":"Proyecto Elevate Her: Llamar la atenci\u00f3n hacia MNTC | FMH - Federaci\u00f3n Mundial de Hemofilia","isPartOf":{"@id":"https:\/\/wfh.org\/es\/#website"},"primaryImageOfPage":{"@id":"https:\/\/wfh.org\/es\/article\/proyecto-elevate-her-llamar-la-atencion-hacia-mntc\/#primaryimage"},"image":{"@id":"https:\/\/wfh.org\/es\/article\/proyecto-elevate-her-llamar-la-atencion-hacia-mntc\/#primaryimage"},"thumbnailUrl":"https:\/\/wfh.org\/wp-content\/uploads\/2026\/08\/Project-Elevate-her-header.jpg","datePublished":"2026-09-03T13:00:29+00:00","inLanguage":"es","potentialAction":[{"@type":"ReadAction","target":["https:\/\/wfh.org\/es\/article\/proyecto-elevate-her-llamar-la-atencion-hacia-mntc\/"]}]},{"@type":"ImageObject","inLanguage":"es","@id":"https:\/\/wfh.org\/es\/article\/proyecto-elevate-her-llamar-la-atencion-hacia-mntc\/#primaryimage","url":"https:\/\/wfh.org\/wp-content\/uploads\/2026\/08\/Project-Elevate-her-header.jpg","contentUrl":"https:\/\/wfh.org\/wp-content\/uploads\/2026\/08\/Project-Elevate-her-header.jpg","width":1200,"height":627,"caption":"Maia Meier during the Mount Everest basecamp trek in October 2025."},{"@type":"WebSite","@id":"https:\/\/wfh.org\/es\/#website","url":"https:\/\/wfh.org\/es\/","name":"FMH - Federaci\u00f3n Mundial de Hemofilia","description":"WFH - World Federation of Hemophilia","publisher":{"@id":"https:\/\/wfh.org\/es\/#organization"},"potentialAction":[{"@type":"SearchAction","target":{"@type":"EntryPoint","urlTemplate":"https:\/\/wfh.org\/es\/?s={search_term_string}"},"query-input":{"@type":"PropertyValueSpecification","valueRequired":true,"valueName":"search_term_string"}}],"inLanguage":"es"},{"@type":"Organization","@id":"https:\/\/wfh.org\/es\/#organization","name":"World Federation of Hemophilia","url":"https:\/\/wfh.org\/es\/","logo":{"@type":"ImageObject","inLanguage":"es","@id":"https:\/\/wfh.org\/es\/#\/schema\/logo\/image\/","url":"https:\/\/wfh.org\/wp-content\/uploads\/2021\/10\/WFH-LOGO-ENGLISH.svg","contentUrl":"https:\/\/wfh.org\/wp-content\/uploads\/2021\/10\/WFH-LOGO-ENGLISH.svg","width":210,"height":63,"caption":"World Federation of Hemophilia"},"image":{"@id":"https:\/\/wfh.org\/es\/#\/schema\/logo\/image\/"},"sameAs":["https:\/\/www.facebook.com\/wfhemophilia\/"]},{"@type":"Person","@id":"https:\/\/wfh.org\/es\/#\/schema\/person\/4aea5b13c1966452a640eef39423925b","name":"Mitch Semienchuk","sameAs":["analytics"]}]}},"_links":{"self":[{"href":"https:\/\/wfh.org\/es\/wp-json\/wp\/v2\/posts\/185458","targetHints":{"allow":["GET"]}}],"collection":[{"href":"https:\/\/wfh.org\/es\/wp-json\/wp\/v2\/posts"}],"about":[{"href":"https:\/\/wfh.org\/es\/wp-json\/wp\/v2\/types\/post"}],"author":[{"embeddable":true,"href":"https:\/\/wfh.org\/es\/wp-json\/wp\/v2\/users\/13"}],"replies":[{"embeddable":true,"href":"https:\/\/wfh.org\/es\/wp-json\/wp\/v2\/comments?post=185458"}],"version-history":[{"count":1,"href":"https:\/\/wfh.org\/es\/wp-json\/wp\/v2\/posts\/185458\/revisions"}],"predecessor-version":[{"id":185459,"href":"https:\/\/wfh.org\/es\/wp-json\/wp\/v2\/posts\/185458\/revisions\/185459"}],"wp:featuredmedia":[{"embeddable":true,"href":"https:\/\/wfh.org\/es\/wp-json\/wp\/v2\/media\/185445"}],"wp:attachment":[{"href":"https:\/\/wfh.org\/es\/wp-json\/wp\/v2\/media?parent=185458"}],"wp:term":[{"taxonomy":"category","embeddable":true,"href":"https:\/\/wfh.org\/es\/wp-json\/wp\/v2\/categories?post=185458"},{"taxonomy":"post_tag","embeddable":true,"href":"https:\/\/wfh.org\/es\/wp-json\/wp\/v2\/tags?post=185458"},{"taxonomy":"search-category","embeddable":true,"href":"https:\/\/wfh.org\/es\/wp-json\/wp\/v2\/search-category?post=185458"}],"curies":[{"name":"wp","href":"https:\/\/api.w.org\/{rel}","templated":true}]}}