{"id":160514,"date":"2025-10-24T08:00:05","date_gmt":"2025-10-24T12:00:05","guid":{"rendered":"https:\/\/wfh.org\/?p=160514"},"modified":"2026-03-10T12:21:09","modified_gmt":"2026-03-10T16:21:09","slug":"premios-de-la-fmh-al-voluntariado-ya-esta-abierta-la-convocatoria-para-presentar-nominaciones-2","status":"publish","type":"post","link":"https:\/\/wfh.org\/es\/article\/premios-de-la-fmh-al-voluntariado-ya-esta-abierta-la-convocatoria-para-presentar-nominaciones-2\/","title":{"rendered":"Premios de la FMH al voluntariado: Ya est\u00e1 abierta la convocatoria para presentar nominaciones"},"content":{"rendered":"\t\t<div data-elementor-type=\"wp-post\" data-elementor-id=\"160514\" class=\"elementor elementor-160514 elementor-160474\" data-elementor-post-type=\"post\">\n\t\t\t\t\t\t<section class=\"elementor-section elementor-top-section elementor-element elementor-element-3fd54b1 elementor-section-boxed elementor-section-height-default elementor-section-height-default\" data-id=\"3fd54b1\" data-element_type=\"section\" data-e-type=\"section\">\n\t\t\t\t\t\t<div class=\"elementor-container elementor-column-gap-default\">\n\t\t\t\t\t<div class=\"elementor-column elementor-col-100 elementor-top-column elementor-element elementor-element-9a478f1\" data-id=\"9a478f1\" data-element_type=\"column\" data-e-type=\"column\">\n\t\t\t<div class=\"elementor-widget-wrap elementor-element-populated\">\n\t\t\t\t\t\t<div class=\"elementor-element elementor-element-1943497 elementor-widget elementor-widget-text-editor\" data-id=\"1943497\" data-element_type=\"widget\" data-e-type=\"widget\" data-widget_type=\"text-editor.default\">\n\t\t\t\t<div class=\"elementor-widget-container\">\n\t\t\t\t\t\t\t\t\t<p>Nuevamente llega el momento de apuntar nuestros los reflectores hacia las personas que se esfuerzan de manera extraordinaria en servicio de la comunidad mundial de trastornos de la coagulaci\u00f3n.<\/p>\n<p>\u00bfConoce a alguien que haya <a href=\"https:\/\/wfh.org\/es\/premios-de-la-fmh\/\" target=\"_blank\" rel=\"noopener\">contribuido de manera destacada<\/a> a la comunidad de trastornos de la coagulaci\u00f3n a escala local o mundial? De ser as\u00ed, haga escuchar su voz: La FMH ya est\u00e1 aceptando nominaciones para los Premios 2026 de la FMH al voluntariado.<\/p>\n\t\t\t\t\t\t\t\t<\/div>\n\t\t\t\t<\/div>\n\t\t\t\t<div class=\"elementor-element elementor-element-3328c76 elementor-widget elementor-widget-heading\" data-id=\"3328c76\" data-element_type=\"widget\" data-e-type=\"widget\" data-widget_type=\"heading.default\">\n\t\t\t\t<div class=\"elementor-widget-container\">\n\t\t\t\t\t<h3 class=\"elementor-heading-title elementor-size-default\">Premio internacional Frank Schnabel al voluntariado<\/h3>\t\t\t\t<\/div>\n\t\t\t\t<\/div>\n\t\t\t\t<div class=\"elementor-element elementor-element-dc98857 elementor-widget elementor-widget-text-editor\" data-id=\"dc98857\" data-element_type=\"widget\" data-e-type=\"widget\" data-widget_type=\"text-editor.default\">\n\t\t\t\t<div class=\"elementor-widget-container\">\n\t\t\t\t\t\t\t\t\t<p>Este premio, establecido 2004 en honor del fundador de la FMH, Frank Schnabel, se otorga a una persona con un trastorno de la coagulaci\u00f3n, o a un familiar de dicha persona, que haya contribuido durante varios a\u00f1os a impulsar la misi\u00f3n y las metas de la FMH, mediante su liderazgo y sus acciones, no solamente en su pa\u00eds de origen, sino al servicio de la comunidad m\u00e1s amplia.<\/p>\n\t\t\t\t\t\t\t\t<\/div>\n\t\t\t\t<\/div>\n\t\t\t\t<div class=\"elementor-element elementor-element-27a0d96 elementor-widget elementor-widget-heading\" data-id=\"27a0d96\" data-element_type=\"widget\" data-e-type=\"widget\" data-widget_type=\"heading.default\">\n\t\t\t\t<div class=\"elementor-widget-container\">\n\t\t\t\t\t<h3 class=\"elementor-heading-title elementor-size-default\">Premio internacional al voluntariado por la atenci\u00f3n de la salud<\/h3>\t\t\t\t<\/div>\n\t\t\t\t<\/div>\n\t\t\t\t<div class=\"elementor-element elementor-element-b58d396 elementor-widget elementor-widget-text-editor\" data-id=\"b58d396\" data-element_type=\"widget\" data-e-type=\"widget\" data-widget_type=\"text-editor.default\">\n\t\t\t\t<div class=\"elementor-widget-container\">\n\t\t\t\t\t\t\t\t\t<p>Establecido en 2004, este premio reconoce a un profesional de la salud que haya contribuido de manera destacada a impulsar la misi\u00f3n y las metas de la FMH mediante su labor voluntaria. Entre los candidatos para recibir este premio se cuentan todos los miembros del equipo de atenci\u00f3n multidisciplinaria, tales como m\u00e9dicos, personal de enfermer\u00eda, fisioterapeutas, psic\u00f3logos, trabajadores sociales, dentistas y otros profesionales de la salud.<\/p>\n\t\t\t\t\t\t\t\t<\/div>\n\t\t\t\t<\/div>\n\t\t\t\t<div class=\"elementor-element elementor-element-669510e elementor-widget elementor-widget-heading\" data-id=\"669510e\" data-element_type=\"widget\" data-e-type=\"widget\" data-widget_type=\"heading.default\">\n\t\t\t\t<div class=\"elementor-widget-container\">\n\t\t\t\t\t<h3 class=\"elementor-heading-title elementor-size-default\">Premio del presidente de la FMH<\/h3>\t\t\t\t<\/div>\n\t\t\t\t<\/div>\n\t\t\t\t<div class=\"elementor-element elementor-element-4b17eef elementor-widget elementor-widget-text-editor\" data-id=\"4b17eef\" data-element_type=\"widget\" data-e-type=\"widget\" data-widget_type=\"text-editor.default\">\n\t\t\t\t<div class=\"elementor-widget-container\">\n\t\t\t\t\t\t\t\t\t<p>Establecido en 2018, este premio reconoce ya sea a una persona o a una organizaci\u00f3n que haya incidido a nivel nacional y que haya contribuido de manera importante a impulsar la visi\u00f3n y las metas de la FMH. En 2004 se agreg\u00f3 una nueva categor\u00eda a fin de reconocer a personas y organizaciones que impulsan el reconocimiento, la visibilidad, el diagn\u00f3stico y\/o el acceso a la atenci\u00f3n para mujeres y ni\u00f1as con trastornos de la coagulaci\u00f3n (MNTC).<\/p>\n<p>La fecha l\u00edmite para presentar una nominaci\u00f3n es el 30 de noviembre de 2025, a las 23:59 Horario del Este (EST). Los ganadores se anunciar\u00e1n durante el Congreso Mundial 2026 de la FMH en Kuala Lumpur, Malasia.<\/p>\n<p>Para consultar los criterios de selecci\u00f3n de cada premio y para presentar una nominaci\u00f3n visite la p\u00e1gina de premios de la FMH <a href=\"https:\/\/wfh.org\/es\/premios-de-la-fmh\/\" target=\"_blank\" rel=\"noopener\">aqu\u00ed<\/a>.<\/p>\n\t\t\t\t\t\t\t\t<\/div>\n\t\t\t\t<\/div>\n\t\t\t\t<div class=\"elementor-element elementor-element-307907a elementor-widget elementor-widget-spacer\" data-id=\"307907a\" data-element_type=\"widget\" data-e-type=\"widget\" data-widget_type=\"spacer.default\">\n\t\t\t\t<div class=\"elementor-widget-container\">\n\t\t\t\t\t\t\t<div class=\"elementor-spacer\">\n\t\t\t<div class=\"elementor-spacer-inner\"><\/div>\n\t\t<\/div>\n\t\t\t\t\t\t<\/div>\n\t\t\t\t<\/div>\n\t\t\t\t<div class=\"elementor-element elementor-element-92e4a62 elementor-widget elementor-widget-image\" data-id=\"92e4a62\" data-element_type=\"widget\" data-e-type=\"widget\" data-widget_type=\"image.default\">\n\t\t\t\t<div class=\"elementor-widget-container\">\n\t\t\t\t\t\t\t\t\t\t\t\t\t\t\t\t<a href=\"https:\/\/wfh.org\/es\/congreso\/\" target=\"_blank\">\n\t\t\t\t\t\t\t<img fetchpriority=\"high\" decoding=\"async\" width=\"1200\" height=\"260\" src=\"https:\/\/wfh.org\/wp-content\/uploads\/2025\/10\/WFH-2026-World-Congress-registration-banner-SP.jpg\" class=\"attachment-full size-full wp-image-160740\" alt=\"Inscr\u00edbase en el Congreso Mundial de la WFH 2026\" srcset=\"https:\/\/wfh.org\/wp-content\/uploads\/2025\/10\/WFH-2026-World-Congress-registration-banner-SP.jpg 1200w, https:\/\/wfh.org\/wp-content\/uploads\/2025\/10\/WFH-2026-World-Congress-registration-banner-SP-192x42.jpg 192w, https:\/\/wfh.org\/wp-content\/uploads\/2025\/10\/WFH-2026-World-Congress-registration-banner-SP-768x166.jpg 768w\" sizes=\"(max-width: 1200px) 100vw, 1200px\" \/>\t\t\t\t\t\t\t\t<\/a>\n\t\t\t\t\t\t\t\t\t\t\t\t\t\t\t<\/div>\n\t\t\t\t<\/div>\n\t\t\t\t\t<\/div>\n\t\t<\/div>\n\t\t\t\t\t<\/div>\n\t\t<\/section>\n\t\t\t\t<\/div>\n\t\t","protected":false},"excerpt":{"rendered":"<p>Los voluntarios constituyen el alma de la Federaci\u00f3n Mundial de Hemofilia (FMH). Su dedicaci\u00f3n, experiencia y compromiso desinteresado impulsan nuestra misi\u00f3n y nos acercan a nuestra visi\u00f3n de Tratamiento para todos. Al compartir su tiempo y conocimientos, los voluntarios de la FMH desempe\u00f1an un papel fundamental en nuestros esfuerzos por mejorar el acceso a la atenci\u00f3n y el tratamiento personas con trastornos de la coagulaci\u00f3n en todo el mundo.<\/p>\n","protected":false},"author":13,"featured_media":160734,"comment_status":"closed","ping_status":"closed","sticky":false,"template":"","format":"standard","meta":{"inline_featured_image":false,"footnotes":""},"categories":[190,192,245],"tags":[],"search-category":[85],"class_list":["post-160514","post","type-post","status-publish","format-standard","has-post-thumbnail","hentry","category-congreso-mundial-de-la-fmh","category-eventos","category-socios-comunitarios","search-category-article"],"yoast_head":"<!-- This site is optimized with the Yoast SEO Premium plugin v27.2 (Yoast SEO v27.2) - https:\/\/yoast.com\/product\/yoast-seo-premium-wordpress\/ -->\n<title>Premios de la FMH al voluntariado: Ya est\u00e1 abierta la convocatoria para presentar nominaciones | FMH - Federaci\u00f3n Mundial de Hemofilia<\/title>\n<meta name=\"robots\" content=\"index, follow, max-snippet:-1, max-image-preview:large, max-video-preview:-1\" \/>\n<link rel=\"canonical\" href=\"https:\/\/wfh.org\/es\/article\/premios-de-la-fmh-al-voluntariado-ya-esta-abierta-la-convocatoria-para-presentar-nominaciones-2\/\" \/>\n<meta property=\"og:locale\" content=\"es_ES\" \/>\n<meta property=\"og:type\" content=\"article\" \/>\n<meta property=\"og:title\" content=\"Premios de la FMH al voluntariado: Ya est\u00e1 abierta la convocatoria para presentar nominaciones\" \/>\n<meta property=\"og:description\" content=\"Los voluntarios constituyen el alma de la Federaci\u00f3n Mundial de Hemofilia (FMH). Su dedicaci\u00f3n, experiencia y compromiso desinteresado impulsan nuestra misi\u00f3n y nos acercan a nuestra visi\u00f3n de Tratamiento para todos. Al compartir su tiempo y conocimientos, los voluntarios de la FMH desempe\u00f1an un papel fundamental en nuestros esfuerzos por mejorar el acceso a la atenci\u00f3n y el tratamiento personas con trastornos de la coagulaci\u00f3n en todo el mundo.\" \/>\n<meta property=\"og:url\" content=\"https:\/\/wfh.org\/es\/article\/premios-de-la-fmh-al-voluntariado-ya-esta-abierta-la-convocatoria-para-presentar-nominaciones-2\/\" \/>\n<meta property=\"og:site_name\" content=\"FMH - Federaci\u00f3n Mundial de Hemofilia\" \/>\n<meta property=\"article:publisher\" content=\"https:\/\/www.facebook.com\/wfhemophilia\/\" \/>\n<meta property=\"article:published_time\" content=\"2025-10-24T12:00:05+00:00\" \/>\n<meta property=\"article:modified_time\" content=\"2026-03-10T16:21:09+00:00\" \/>\n<meta property=\"og:image\" content=\"https:\/\/wfh.org\/wp-content\/uploads\/2025\/10\/WFH-volunteer-awards-call-for-nominations-2025-Article-Header-ES-1.jpg\" \/>\n\t<meta property=\"og:image:width\" content=\"1200\" \/>\n\t<meta property=\"og:image:height\" content=\"627\" \/>\n\t<meta property=\"og:image:type\" content=\"image\/jpeg\" \/>\n<meta name=\"author\" content=\"Mitch Semienchuk\" \/>\n<meta name=\"twitter:card\" content=\"summary_large_image\" \/>\n<meta name=\"twitter:label1\" content=\"Escrito por\" \/>\n\t<meta name=\"twitter:data1\" content=\"Mitch Semienchuk\" \/>\n\t<meta name=\"twitter:label2\" content=\"Tiempo de lectura\" \/>\n\t<meta name=\"twitter:data2\" content=\"2 minutos\" \/>\n<script type=\"application\/ld+json\" class=\"yoast-schema-graph\">{\"@context\":\"https:\/\/schema.org\",\"@graph\":[{\"@type\":\"Article\",\"@id\":\"https:\/\/wfh.org\/es\/article\/premios-de-la-fmh-al-voluntariado-ya-esta-abierta-la-convocatoria-para-presentar-nominaciones-2\/#article\",\"isPartOf\":{\"@id\":\"https:\/\/wfh.org\/es\/article\/premios-de-la-fmh-al-voluntariado-ya-esta-abierta-la-convocatoria-para-presentar-nominaciones-2\/\"},\"author\":{\"name\":\"Mitch Semienchuk\",\"@id\":\"https:\/\/wfh.org\/es\/#\/schema\/person\/4aea5b13c1966452a640eef39423925b\"},\"headline\":\"Premios de la FMH al voluntariado: Ya est\u00e1 abierta la convocatoria para presentar nominaciones\",\"datePublished\":\"2025-10-24T12:00:05+00:00\",\"dateModified\":\"2026-03-10T16:21:09+00:00\",\"mainEntityOfPage\":{\"@id\":\"https:\/\/wfh.org\/es\/article\/premios-de-la-fmh-al-voluntariado-ya-esta-abierta-la-convocatoria-para-presentar-nominaciones-2\/\"},\"wordCount\":398,\"publisher\":{\"@id\":\"https:\/\/wfh.org\/es\/#organization\"},\"image\":{\"@id\":\"https:\/\/wfh.org\/es\/article\/premios-de-la-fmh-al-voluntariado-ya-esta-abierta-la-convocatoria-para-presentar-nominaciones-2\/#primaryimage\"},\"thumbnailUrl\":\"https:\/\/wfh.org\/wp-content\/uploads\/2025\/10\/WFH-volunteer-awards-call-for-nominations-2025-Article-Header-ES-1.jpg\",\"articleSection\":[\"Congreso mundial de la FMH\",\"Eventos\",\"Socios comunitarios\"],\"inLanguage\":\"es\"},{\"@type\":\"WebPage\",\"@id\":\"https:\/\/wfh.org\/es\/article\/premios-de-la-fmh-al-voluntariado-ya-esta-abierta-la-convocatoria-para-presentar-nominaciones-2\/\",\"url\":\"https:\/\/wfh.org\/es\/article\/premios-de-la-fmh-al-voluntariado-ya-esta-abierta-la-convocatoria-para-presentar-nominaciones-2\/\",\"name\":\"Premios de la FMH al voluntariado: Ya est\u00e1 abierta la convocatoria para presentar nominaciones | FMH - Federaci\u00f3n Mundial de Hemofilia\",\"isPartOf\":{\"@id\":\"https:\/\/wfh.org\/es\/#website\"},\"primaryImageOfPage\":{\"@id\":\"https:\/\/wfh.org\/es\/article\/premios-de-la-fmh-al-voluntariado-ya-esta-abierta-la-convocatoria-para-presentar-nominaciones-2\/#primaryimage\"},\"image\":{\"@id\":\"https:\/\/wfh.org\/es\/article\/premios-de-la-fmh-al-voluntariado-ya-esta-abierta-la-convocatoria-para-presentar-nominaciones-2\/#primaryimage\"},\"thumbnailUrl\":\"https:\/\/wfh.org\/wp-content\/uploads\/2025\/10\/WFH-volunteer-awards-call-for-nominations-2025-Article-Header-ES-1.jpg\",\"datePublished\":\"2025-10-24T12:00:05+00:00\",\"dateModified\":\"2026-03-10T16:21:09+00:00\",\"inLanguage\":\"es\",\"potentialAction\":[{\"@type\":\"ReadAction\",\"target\":[\"https:\/\/wfh.org\/es\/article\/premios-de-la-fmh-al-voluntariado-ya-esta-abierta-la-convocatoria-para-presentar-nominaciones-2\/\"]}]},{\"@type\":\"ImageObject\",\"inLanguage\":\"es\",\"@id\":\"https:\/\/wfh.org\/es\/article\/premios-de-la-fmh-al-voluntariado-ya-esta-abierta-la-convocatoria-para-presentar-nominaciones-2\/#primaryimage\",\"url\":\"https:\/\/wfh.org\/wp-content\/uploads\/2025\/10\/WFH-volunteer-awards-call-for-nominations-2025-Article-Header-ES-1.jpg\",\"contentUrl\":\"https:\/\/wfh.org\/wp-content\/uploads\/2025\/10\/WFH-volunteer-awards-call-for-nominations-2025-Article-Header-ES-1.jpg\",\"width\":1200,\"height\":627,\"caption\":\"Premios al voluntariado de WFH: ya est\u00e1 abierta la convocatoria para presentar candidaturas\"},{\"@type\":\"WebSite\",\"@id\":\"https:\/\/wfh.org\/es\/#website\",\"url\":\"https:\/\/wfh.org\/es\/\",\"name\":\"FMH - Federaci\u00f3n Mundial de Hemofilia\",\"description\":\"WFH - World Federation of Hemophilia\",\"publisher\":{\"@id\":\"https:\/\/wfh.org\/es\/#organization\"},\"potentialAction\":[{\"@type\":\"SearchAction\",\"target\":{\"@type\":\"EntryPoint\",\"urlTemplate\":\"https:\/\/wfh.org\/es\/?s={search_term_string}\"},\"query-input\":{\"@type\":\"PropertyValueSpecification\",\"valueRequired\":true,\"valueName\":\"search_term_string\"}}],\"inLanguage\":\"es\"},{\"@type\":\"Organization\",\"@id\":\"https:\/\/wfh.org\/es\/#organization\",\"name\":\"World Federation of Hemophilia\",\"url\":\"https:\/\/wfh.org\/es\/\",\"logo\":{\"@type\":\"ImageObject\",\"inLanguage\":\"es\",\"@id\":\"https:\/\/wfh.org\/es\/#\/schema\/logo\/image\/\",\"url\":\"https:\/\/wfh.org\/wp-content\/uploads\/2021\/10\/WFH-LOGO-ENGLISH.svg\",\"contentUrl\":\"https:\/\/wfh.org\/wp-content\/uploads\/2021\/10\/WFH-LOGO-ENGLISH.svg\",\"width\":210,\"height\":63,\"caption\":\"World Federation of Hemophilia\"},\"image\":{\"@id\":\"https:\/\/wfh.org\/es\/#\/schema\/logo\/image\/\"},\"sameAs\":[\"https:\/\/www.facebook.com\/wfhemophilia\/\"]},{\"@type\":\"Person\",\"@id\":\"https:\/\/wfh.org\/es\/#\/schema\/person\/4aea5b13c1966452a640eef39423925b\",\"name\":\"Mitch Semienchuk\",\"sameAs\":[\"analytics\"]}]}<\/script>\n<!-- \/ Yoast SEO Premium plugin. -->","yoast_head_json":{"title":"Premios de la FMH al voluntariado: Ya est\u00e1 abierta la convocatoria para presentar nominaciones | FMH - Federaci\u00f3n Mundial de Hemofilia","robots":{"index":"index","follow":"follow","max-snippet":"max-snippet:-1","max-image-preview":"max-image-preview:large","max-video-preview":"max-video-preview:-1"},"canonical":"https:\/\/wfh.org\/es\/article\/premios-de-la-fmh-al-voluntariado-ya-esta-abierta-la-convocatoria-para-presentar-nominaciones-2\/","og_locale":"es_ES","og_type":"article","og_title":"Premios de la FMH al voluntariado: Ya est\u00e1 abierta la convocatoria para presentar nominaciones","og_description":"Los voluntarios constituyen el alma de la Federaci\u00f3n Mundial de Hemofilia (FMH). Su dedicaci\u00f3n, experiencia y compromiso desinteresado impulsan nuestra misi\u00f3n y nos acercan a nuestra visi\u00f3n de Tratamiento para todos. Al compartir su tiempo y conocimientos, los voluntarios de la FMH desempe\u00f1an un papel fundamental en nuestros esfuerzos por mejorar el acceso a la atenci\u00f3n y el tratamiento personas con trastornos de la coagulaci\u00f3n en todo el mundo.","og_url":"https:\/\/wfh.org\/es\/article\/premios-de-la-fmh-al-voluntariado-ya-esta-abierta-la-convocatoria-para-presentar-nominaciones-2\/","og_site_name":"FMH - Federaci\u00f3n Mundial de Hemofilia","article_publisher":"https:\/\/www.facebook.com\/wfhemophilia\/","article_published_time":"2025-10-24T12:00:05+00:00","article_modified_time":"2026-03-10T16:21:09+00:00","og_image":[{"width":1200,"height":627,"url":"https:\/\/wfh.org\/wp-content\/uploads\/2025\/10\/WFH-volunteer-awards-call-for-nominations-2025-Article-Header-ES-1.jpg","type":"image\/jpeg"}],"author":"Mitch Semienchuk","twitter_card":"summary_large_image","twitter_misc":{"Escrito por":"Mitch Semienchuk","Tiempo de lectura":"2 minutos"},"schema":{"@context":"https:\/\/schema.org","@graph":[{"@type":"Article","@id":"https:\/\/wfh.org\/es\/article\/premios-de-la-fmh-al-voluntariado-ya-esta-abierta-la-convocatoria-para-presentar-nominaciones-2\/#article","isPartOf":{"@id":"https:\/\/wfh.org\/es\/article\/premios-de-la-fmh-al-voluntariado-ya-esta-abierta-la-convocatoria-para-presentar-nominaciones-2\/"},"author":{"name":"Mitch Semienchuk","@id":"https:\/\/wfh.org\/es\/#\/schema\/person\/4aea5b13c1966452a640eef39423925b"},"headline":"Premios de la FMH al voluntariado: Ya est\u00e1 abierta la convocatoria para presentar nominaciones","datePublished":"2025-10-24T12:00:05+00:00","dateModified":"2026-03-10T16:21:09+00:00","mainEntityOfPage":{"@id":"https:\/\/wfh.org\/es\/article\/premios-de-la-fmh-al-voluntariado-ya-esta-abierta-la-convocatoria-para-presentar-nominaciones-2\/"},"wordCount":398,"publisher":{"@id":"https:\/\/wfh.org\/es\/#organization"},"image":{"@id":"https:\/\/wfh.org\/es\/article\/premios-de-la-fmh-al-voluntariado-ya-esta-abierta-la-convocatoria-para-presentar-nominaciones-2\/#primaryimage"},"thumbnailUrl":"https:\/\/wfh.org\/wp-content\/uploads\/2025\/10\/WFH-volunteer-awards-call-for-nominations-2025-Article-Header-ES-1.jpg","articleSection":["Congreso mundial de la FMH","Eventos","Socios comunitarios"],"inLanguage":"es"},{"@type":"WebPage","@id":"https:\/\/wfh.org\/es\/article\/premios-de-la-fmh-al-voluntariado-ya-esta-abierta-la-convocatoria-para-presentar-nominaciones-2\/","url":"https:\/\/wfh.org\/es\/article\/premios-de-la-fmh-al-voluntariado-ya-esta-abierta-la-convocatoria-para-presentar-nominaciones-2\/","name":"Premios de la FMH al voluntariado: Ya est\u00e1 abierta la convocatoria para presentar nominaciones | FMH - Federaci\u00f3n Mundial de Hemofilia","isPartOf":{"@id":"https:\/\/wfh.org\/es\/#website"},"primaryImageOfPage":{"@id":"https:\/\/wfh.org\/es\/article\/premios-de-la-fmh-al-voluntariado-ya-esta-abierta-la-convocatoria-para-presentar-nominaciones-2\/#primaryimage"},"image":{"@id":"https:\/\/wfh.org\/es\/article\/premios-de-la-fmh-al-voluntariado-ya-esta-abierta-la-convocatoria-para-presentar-nominaciones-2\/#primaryimage"},"thumbnailUrl":"https:\/\/wfh.org\/wp-content\/uploads\/2025\/10\/WFH-volunteer-awards-call-for-nominations-2025-Article-Header-ES-1.jpg","datePublished":"2025-10-24T12:00:05+00:00","dateModified":"2026-03-10T16:21:09+00:00","inLanguage":"es","potentialAction":[{"@type":"ReadAction","target":["https:\/\/wfh.org\/es\/article\/premios-de-la-fmh-al-voluntariado-ya-esta-abierta-la-convocatoria-para-presentar-nominaciones-2\/"]}]},{"@type":"ImageObject","inLanguage":"es","@id":"https:\/\/wfh.org\/es\/article\/premios-de-la-fmh-al-voluntariado-ya-esta-abierta-la-convocatoria-para-presentar-nominaciones-2\/#primaryimage","url":"https:\/\/wfh.org\/wp-content\/uploads\/2025\/10\/WFH-volunteer-awards-call-for-nominations-2025-Article-Header-ES-1.jpg","contentUrl":"https:\/\/wfh.org\/wp-content\/uploads\/2025\/10\/WFH-volunteer-awards-call-for-nominations-2025-Article-Header-ES-1.jpg","width":1200,"height":627,"caption":"Premios al voluntariado de WFH: ya est\u00e1 abierta la convocatoria para presentar candidaturas"},{"@type":"WebSite","@id":"https:\/\/wfh.org\/es\/#website","url":"https:\/\/wfh.org\/es\/","name":"FMH - Federaci\u00f3n Mundial de Hemofilia","description":"WFH - World Federation of Hemophilia","publisher":{"@id":"https:\/\/wfh.org\/es\/#organization"},"potentialAction":[{"@type":"SearchAction","target":{"@type":"EntryPoint","urlTemplate":"https:\/\/wfh.org\/es\/?s={search_term_string}"},"query-input":{"@type":"PropertyValueSpecification","valueRequired":true,"valueName":"search_term_string"}}],"inLanguage":"es"},{"@type":"Organization","@id":"https:\/\/wfh.org\/es\/#organization","name":"World Federation of Hemophilia","url":"https:\/\/wfh.org\/es\/","logo":{"@type":"ImageObject","inLanguage":"es","@id":"https:\/\/wfh.org\/es\/#\/schema\/logo\/image\/","url":"https:\/\/wfh.org\/wp-content\/uploads\/2021\/10\/WFH-LOGO-ENGLISH.svg","contentUrl":"https:\/\/wfh.org\/wp-content\/uploads\/2021\/10\/WFH-LOGO-ENGLISH.svg","width":210,"height":63,"caption":"World Federation of Hemophilia"},"image":{"@id":"https:\/\/wfh.org\/es\/#\/schema\/logo\/image\/"},"sameAs":["https:\/\/www.facebook.com\/wfhemophilia\/"]},{"@type":"Person","@id":"https:\/\/wfh.org\/es\/#\/schema\/person\/4aea5b13c1966452a640eef39423925b","name":"Mitch Semienchuk","sameAs":["analytics"]}]}},"_links":{"self":[{"href":"https:\/\/wfh.org\/es\/wp-json\/wp\/v2\/posts\/160514","targetHints":{"allow":["GET"]}}],"collection":[{"href":"https:\/\/wfh.org\/es\/wp-json\/wp\/v2\/posts"}],"about":[{"href":"https:\/\/wfh.org\/es\/wp-json\/wp\/v2\/types\/post"}],"author":[{"embeddable":true,"href":"https:\/\/wfh.org\/es\/wp-json\/wp\/v2\/users\/13"}],"replies":[{"embeddable":true,"href":"https:\/\/wfh.org\/es\/wp-json\/wp\/v2\/comments?post=160514"}],"version-history":[{"count":2,"href":"https:\/\/wfh.org\/es\/wp-json\/wp\/v2\/posts\/160514\/revisions"}],"predecessor-version":[{"id":172607,"href":"https:\/\/wfh.org\/es\/wp-json\/wp\/v2\/posts\/160514\/revisions\/172607"}],"wp:featuredmedia":[{"embeddable":true,"href":"https:\/\/wfh.org\/es\/wp-json\/wp\/v2\/media\/160734"}],"wp:attachment":[{"href":"https:\/\/wfh.org\/es\/wp-json\/wp\/v2\/media?parent=160514"}],"wp:term":[{"taxonomy":"category","embeddable":true,"href":"https:\/\/wfh.org\/es\/wp-json\/wp\/v2\/categories?post=160514"},{"taxonomy":"post_tag","embeddable":true,"href":"https:\/\/wfh.org\/es\/wp-json\/wp\/v2\/tags?post=160514"},{"taxonomy":"search-category","embeddable":true,"href":"https:\/\/wfh.org\/es\/wp-json\/wp\/v2\/search-category?post=160514"}],"curies":[{"name":"wp","href":"https:\/\/api.w.org\/{rel}","templated":true}]}}