{"id":130075,"date":"2024-12-11T09:00:37","date_gmt":"2024-12-11T14:00:37","guid":{"rendered":"https:\/\/wfh.org\/?p=130075"},"modified":"2026-03-10T08:59:31","modified_gmt":"2026-03-10T12:59:31","slug":"ya-esta-disponible-el-programa-preliminar-de-la-cumbre-2025-sobre-atencion-integral","status":"publish","type":"post","link":"https:\/\/wfh.org\/es\/article\/ya-esta-disponible-el-programa-preliminar-de-la-cumbre-2025-sobre-atencion-integral\/","title":{"rendered":"Ya est\u00e1 disponible el programa preliminar de la Cumbre 2025 sobre atenci\u00f3n integral"},"content":{"rendered":"\t\t<div data-elementor-type=\"wp-post\" data-elementor-id=\"130075\" class=\"elementor elementor-130075 elementor-130053\" data-elementor-post-type=\"post\">\n\t\t\t\t\t\t<section class=\"elementor-section elementor-top-section elementor-element elementor-element-2b671cf elementor-section-boxed elementor-section-height-default elementor-section-height-default\" data-id=\"2b671cf\" data-element_type=\"section\" data-e-type=\"section\">\n\t\t\t\t\t\t<div class=\"elementor-container elementor-column-gap-default\">\n\t\t\t\t\t<div class=\"elementor-column elementor-col-100 elementor-top-column elementor-element elementor-element-085ffc0\" data-id=\"085ffc0\" data-element_type=\"column\" data-e-type=\"column\">\n\t\t\t<div class=\"elementor-widget-wrap elementor-element-populated\">\n\t\t\t\t\t\t<div class=\"elementor-element elementor-element-f40af3a elementor-widget elementor-widget-text-editor\" data-id=\"f40af3a\" data-element_type=\"widget\" data-e-type=\"widget\" data-widget_type=\"text-editor.default\">\n\t\t\t\t<div class=\"elementor-widget-container\">\n\t\t\t\t\t\t\t\t\t<p>Para leer este art\u00edculo en ingl\u00e9s, haga\u00a0<a href=\"https:\/\/wfh.org\/article\/preliminary-program-now-available-for-the-wfh-2025-comprehensive-care-summit-en\/\" target=\"_blank\" rel=\"noopener\">clic aqu\u00ed<\/a>. Para obtener m\u00e1s informaci\u00f3n sobre la Cumbe 2025 de la FMH sobre atenci\u00f3n integral, haga\u00a0<a href=\"https:\/\/wfh.org\/ccs2025\/\" target=\"_blank\" rel=\"noopener\">clic aqu\u00ed<\/a>.<\/p>\n\t\t\t\t\t\t\t\t<\/div>\n\t\t\t\t<\/div>\n\t\t\t\t<div class=\"elementor-element elementor-element-1fa42dc elementor-icon-list--layout-traditional elementor-list-item-link-full_width elementor-widget elementor-widget-icon-list\" data-id=\"1fa42dc\" data-element_type=\"widget\" data-e-type=\"widget\" data-widget_type=\"icon-list.default\">\n\t\t\t\t<div class=\"elementor-widget-container\">\n\t\t\t\t\t\t\t<ul class=\"elementor-icon-list-items\">\n\t\t\t\t\t\t\t<li class=\"elementor-icon-list-item\">\n\t\t\t\t\t\t\t\t\t\t\t<span class=\"elementor-icon-list-icon\">\n\t\t\t\t\t\t\t<i aria-hidden=\"true\" class=\"fas fa-check\"><\/i>\t\t\t\t\t\t<\/span>\n\t\t\t\t\t\t\t\t\t\t<span class=\"elementor-icon-list-text\">  <\/span>\n\t\t\t\t\t\t\t\t\t<\/li>\n\t\t\t\t\t\t\t\t<li class=\"elementor-icon-list-item\">\n\t\t\t\t\t\t\t\t\t\t\t<span class=\"elementor-icon-list-icon\">\n\t\t\t\t\t\t\t<i aria-hidden=\"true\" class=\"fas fa-check\"><\/i>\t\t\t\t\t\t<\/span>\n\t\t\t\t\t\t\t\t\t\t<span class=\"elementor-icon-list-text\">  <\/span>\n\t\t\t\t\t\t\t\t\t<\/li>\n\t\t\t\t\t\t\t\t<li class=\"elementor-icon-list-item\">\n\t\t\t\t\t\t\t\t\t\t\t<span class=\"elementor-icon-list-icon\">\n\t\t\t\t\t\t\t<i aria-hidden=\"true\" class=\"fas fa-check\"><\/i>\t\t\t\t\t\t<\/span>\n\t\t\t\t\t\t\t\t\t\t<span class=\"elementor-icon-list-text\">  <\/span>\n\t\t\t\t\t\t\t\t\t<\/li>\n\t\t\t\t\t\t<\/ul>\n\t\t\t\t\t\t<\/div>\n\t\t\t\t<\/div>\n\t\t\t\t<div class=\"elementor-element elementor-element-9626def elementor-align-center elementor-widget elementor-widget-button\" data-id=\"9626def\" data-element_type=\"widget\" data-e-type=\"widget\" data-widget_type=\"button.default\">\n\t\t\t\t<div class=\"elementor-widget-container\">\n\t\t\t\t\t\t\t\t\t<div class=\"elementor-button-wrapper\">\n\t\t\t\t\t<a class=\"elementor-button elementor-button-link elementor-size-sm\" href=\"https:\/\/wfh.org\/ccs2025\/program\/\" target=\"_blank\">\n\t\t\t\t\t\t<span class=\"elementor-button-content-wrapper\">\n\t\t\t\t\t\t\t\t\t<span class=\"elementor-button-text\">  <\/span>\n\t\t\t\t\t<\/span>\n\t\t\t\t\t<\/a>\n\t\t\t\t<\/div>\n\t\t\t\t\t\t\t\t<\/div>\n\t\t\t\t<\/div>\n\t\t\t\t<div class=\"elementor-element elementor-element-13f4f33 elementor-widget elementor-widget-spacer\" data-id=\"13f4f33\" data-element_type=\"widget\" data-e-type=\"widget\" data-widget_type=\"spacer.default\">\n\t\t\t\t<div class=\"elementor-widget-container\">\n\t\t\t\t\t\t\t<div class=\"elementor-spacer\">\n\t\t\t<div class=\"elementor-spacer-inner\"><\/div>\n\t\t<\/div>\n\t\t\t\t\t\t<\/div>\n\t\t\t\t<\/div>\n\t\t\t\t<div class=\"elementor-element elementor-element-b62d086 elementor-widget elementor-widget-heading\" data-id=\"b62d086\" data-element_type=\"widget\" data-e-type=\"widget\" data-widget_type=\"heading.default\">\n\t\t\t\t<div class=\"elementor-widget-container\">\n\t\t\t\t\t<h3 class=\"elementor-heading-title elementor-size-default\">  <\/h3>\t\t\t\t<\/div>\n\t\t\t\t<\/div>\n\t\t\t\t<div class=\"elementor-element elementor-element-77bb4fa elementor-widget elementor-widget-text-editor\" data-id=\"77bb4fa\" data-element_type=\"widget\" data-e-type=\"widget\" data-widget_type=\"text-editor.default\">\n\t\t\t\t<div class=\"elementor-widget-container\">\n\t\t\t\t\t\t\t\t\t<p>&nbsp;<\/p>\n\t\t\t\t\t\t\t\t<\/div>\n\t\t\t\t<\/div>\n\t\t\t\t<div class=\"elementor-element elementor-element-b0520ae elementor-align-center elementor-widget elementor-widget-button\" data-id=\"b0520ae\" data-element_type=\"widget\" data-e-type=\"widget\" data-widget_type=\"button.default\">\n\t\t\t\t<div class=\"elementor-widget-container\">\n\t\t\t\t\t\t\t\t\t<div class=\"elementor-button-wrapper\">\n\t\t\t\t\t<a class=\"elementor-button elementor-button-link elementor-size-sm\" href=\"https:\/\/wfh.org\/ccs2025\/abstracts\/\" target=\"_blank\">\n\t\t\t\t\t\t<span class=\"elementor-button-content-wrapper\">\n\t\t\t\t\t\t\t\t\t<span class=\"elementor-button-text\">  <\/span>\n\t\t\t\t\t<\/span>\n\t\t\t\t\t<\/a>\n\t\t\t\t<\/div>\n\t\t\t\t\t\t\t\t<\/div>\n\t\t\t\t<\/div>\n\t\t\t\t<div class=\"elementor-element elementor-element-3f1ccbf elementor-widget elementor-widget-spacer\" data-id=\"3f1ccbf\" data-element_type=\"widget\" data-e-type=\"widget\" data-widget_type=\"spacer.default\">\n\t\t\t\t<div class=\"elementor-widget-container\">\n\t\t\t\t\t\t\t<div class=\"elementor-spacer\">\n\t\t\t<div class=\"elementor-spacer-inner\"><\/div>\n\t\t<\/div>\n\t\t\t\t\t\t<\/div>\n\t\t\t\t<\/div>\n\t\t\t\t<div class=\"elementor-element elementor-element-7de9f1e elementor-widget elementor-widget-heading\" data-id=\"7de9f1e\" data-element_type=\"widget\" data-e-type=\"widget\" data-widget_type=\"heading.default\">\n\t\t\t\t<div class=\"elementor-widget-container\">\n\t\t\t\t\t<h3 class=\"elementor-heading-title elementor-size-default\">  <\/h3>\t\t\t\t<\/div>\n\t\t\t\t<\/div>\n\t\t\t\t<div class=\"elementor-element elementor-element-d692e32 elementor-widget elementor-widget-text-editor\" data-id=\"d692e32\" data-element_type=\"widget\" data-e-type=\"widget\" data-widget_type=\"text-editor.default\">\n\t\t\t\t<div class=\"elementor-widget-container\">\n\t\t\t\t\t\t\t\t\t<p>&nbsp;<\/p>\n\t\t\t\t\t\t\t\t<\/div>\n\t\t\t\t<\/div>\n\t\t\t\t<div class=\"elementor-element elementor-element-08ee054 elementor-align-center elementor-widget elementor-widget-button\" data-id=\"08ee054\" data-element_type=\"widget\" data-e-type=\"widget\" data-widget_type=\"button.default\">\n\t\t\t\t<div class=\"elementor-widget-container\">\n\t\t\t\t\t\t\t\t\t<div class=\"elementor-button-wrapper\">\n\t\t\t\t\t<a class=\"elementor-button elementor-button-link elementor-size-sm\" href=\"https:\/\/wfh.org\/ccs2025\/travel\/\" target=\"_blank\">\n\t\t\t\t\t\t<span class=\"elementor-button-content-wrapper\">\n\t\t\t\t\t\t\t\t\t<span class=\"elementor-button-text\">   <\/span>\n\t\t\t\t\t<\/span>\n\t\t\t\t\t<\/a>\n\t\t\t\t<\/div>\n\t\t\t\t\t\t\t\t<\/div>\n\t\t\t\t<\/div>\n\t\t\t\t<div class=\"elementor-element elementor-element-7d10674 elementor-widget elementor-widget-spacer\" data-id=\"7d10674\" data-element_type=\"widget\" data-e-type=\"widget\" data-widget_type=\"spacer.default\">\n\t\t\t\t<div class=\"elementor-widget-container\">\n\t\t\t\t\t\t\t<div class=\"elementor-spacer\">\n\t\t\t<div class=\"elementor-spacer-inner\"><\/div>\n\t\t<\/div>\n\t\t\t\t\t\t<\/div>\n\t\t\t\t<\/div>\n\t\t\t\t<div class=\"elementor-element elementor-element-49cfc07 elementor-widget elementor-widget-heading\" data-id=\"49cfc07\" data-element_type=\"widget\" data-e-type=\"widget\" data-widget_type=\"heading.default\">\n\t\t\t\t<div class=\"elementor-widget-container\">\n\t\t\t\t\t<h3 class=\"elementor-heading-title elementor-size-default\">  <\/h3>\t\t\t\t<\/div>\n\t\t\t\t<\/div>\n\t\t\t\t<div class=\"elementor-element elementor-element-b678230 elementor-widget elementor-widget-text-editor\" data-id=\"b678230\" data-element_type=\"widget\" data-e-type=\"widget\" data-widget_type=\"text-editor.default\">\n\t\t\t\t<div class=\"elementor-widget-container\">\n\t\t\t\t\t\t\t\t\t<p><em>Please note that the WFH 2025 Comprehensive Care Summit will be held in English.<\/em>\u00a0<em>Select sessions will feature AI-powered interpretation\u2014allowing you to listen\u00a0<strong>in any language of your choice<\/strong>. Look out for the headset symbol in the program to find sessions with interpretation.<\/em><\/p>\n\t\t\t\t\t\t\t\t<\/div>\n\t\t\t\t<\/div>\n\t\t\t\t<div class=\"elementor-element elementor-element-8a053ce elementor-widget elementor-widget-image\" data-id=\"8a053ce\" data-element_type=\"widget\" data-e-type=\"widget\" data-widget_type=\"image.default\">\n\t\t\t\t<div class=\"elementor-widget-container\">\n\t\t\t\t\t\t\t\t\t\t\t\t\t\t\t\t<a href=\"https:\/\/wfh.org\/ccs2025\/\" target=\"_blank\">\n\t\t\t\t\t\t\t<img fetchpriority=\"high\" decoding=\"async\" width=\"1200\" height=\"250\" src=\"https:\/\/wfh.org\/wp-content\/uploads\/2024\/10\/WFH-CCS-2025-banner.jpg\" class=\"attachment-full size-full wp-image-125772\" alt=\"\" srcset=\"https:\/\/wfh.org\/wp-content\/uploads\/2024\/10\/WFH-CCS-2025-banner.jpg 1200w, https:\/\/wfh.org\/wp-content\/uploads\/2024\/10\/WFH-CCS-2025-banner-192x40.jpg 192w, https:\/\/wfh.org\/wp-content\/uploads\/2024\/10\/WFH-CCS-2025-banner-768x160.jpg 768w\" sizes=\"(max-width: 1200px) 100vw, 1200px\" \/>\t\t\t\t\t\t\t\t<\/a>\n\t\t\t\t\t\t\t\t\t\t\t\t\t\t\t<\/div>\n\t\t\t\t<\/div>\n\t\t\t\t<div class=\"elementor-element elementor-element-5d8724c elementor-widget elementor-widget-image\" data-id=\"5d8724c\" data-element_type=\"widget\" data-e-type=\"widget\" data-widget_type=\"image.default\">\n\t\t\t\t<div class=\"elementor-widget-container\">\n\t\t\t\t\t\t\t\t\t\t\t\t\t\t\t\t<a href=\"https:\/\/wfh.org\/ccs2025\/\" target=\"_blank\">\n\t\t\t\t\t\t\t<img decoding=\"async\" width=\"1200\" height=\"257\" src=\"https:\/\/wfh.org\/wp-content\/uploads\/2025\/04\/CCS-footer-version-1-SP.jpg\" class=\"attachment-full size-full wp-image-140490\" alt=\"Cumbre sobre Atenci\u00f3n Integral de la FMH 2025\" srcset=\"https:\/\/wfh.org\/wp-content\/uploads\/2025\/04\/CCS-footer-version-1-SP.jpg 1200w, https:\/\/wfh.org\/wp-content\/uploads\/2025\/04\/CCS-footer-version-1-SP-192x41.jpg 192w, https:\/\/wfh.org\/wp-content\/uploads\/2025\/04\/CCS-footer-version-1-SP-768x164.jpg 768w\" sizes=\"(max-width: 1200px) 100vw, 1200px\" \/>\t\t\t\t\t\t\t\t<\/a>\n\t\t\t\t\t\t\t\t\t\t\t\t\t\t\t<\/div>\n\t\t\t\t<\/div>\n\t\t\t\t\t<\/div>\n\t\t<\/div>\n\t\t\t\t\t<\/div>\n\t\t<\/section>\n\t\t\t\t<\/div>\n\t\t","protected":false},"excerpt":{"rendered":"<p>S\u00edrvase notar que, al momento de la publicaci\u00f3n, la Cumbre 2025 sobre atenci\u00f3n integral se realizar\u00e1 \u00fanicamente en ingl\u00e9s. Otros idiomas podr\u00edan a\u00f1adirse posteriormente.<\/p>\n","protected":false},"author":13,"featured_media":130047,"comment_status":"closed","ping_status":"closed","sticky":false,"template":"","format":"standard","meta":{"inline_featured_image":false,"footnotes":""},"categories":[254,192,337],"tags":[],"search-category":[85],"class_list":["post-130075","post","type-post","status-publish","format-standard","has-post-thumbnail","hentry","category-wfh-msk-congress-es","category-eventos","category-featured-2-es","search-category-article"],"yoast_head":"<!-- This site is optimized with the Yoast SEO Premium plugin v27.2 (Yoast SEO v27.2) - https:\/\/yoast.com\/product\/yoast-seo-premium-wordpress\/ -->\n<title>Ya est\u00e1 disponible el programa preliminar de la Cumbre 2025 sobre atenci\u00f3n integral | FMH - Federaci\u00f3n Mundial de Hemofilia<\/title>\n<meta name=\"robots\" content=\"index, follow, max-snippet:-1, max-image-preview:large, max-video-preview:-1\" \/>\n<link rel=\"canonical\" href=\"https:\/\/wfh.org\/es\/article\/ya-esta-disponible-el-programa-preliminar-de-la-cumbre-2025-sobre-atencion-integral\/\" \/>\n<meta property=\"og:locale\" content=\"es_ES\" \/>\n<meta property=\"og:type\" content=\"article\" \/>\n<meta property=\"og:title\" content=\"Ya est\u00e1 disponible el programa preliminar de la Cumbre 2025 sobre atenci\u00f3n integral\" \/>\n<meta property=\"og:description\" content=\"S\u00edrvase notar que, al momento de la publicaci\u00f3n, la Cumbre 2025 sobre atenci\u00f3n integral se realizar\u00e1 \u00fanicamente en ingl\u00e9s. Otros idiomas podr\u00edan a\u00f1adirse posteriormente.\" \/>\n<meta property=\"og:url\" content=\"https:\/\/wfh.org\/es\/article\/ya-esta-disponible-el-programa-preliminar-de-la-cumbre-2025-sobre-atencion-integral\/\" \/>\n<meta property=\"og:site_name\" content=\"FMH - Federaci\u00f3n Mundial de Hemofilia\" \/>\n<meta property=\"article:publisher\" content=\"https:\/\/www.facebook.com\/wfhemophilia\/\" \/>\n<meta property=\"article:published_time\" content=\"2024-12-11T14:00:37+00:00\" \/>\n<meta property=\"article:modified_time\" content=\"2026-03-10T12:59:31+00:00\" \/>\n<meta property=\"og:image\" content=\"https:\/\/wfh.org\/wp-content\/uploads\/2024\/12\/CCS-2025-Preliminary-Program-header.jpg\" \/>\n\t<meta property=\"og:image:width\" content=\"1200\" \/>\n\t<meta property=\"og:image:height\" content=\"627\" \/>\n\t<meta property=\"og:image:type\" content=\"image\/jpeg\" \/>\n<meta name=\"author\" content=\"Mitch Semienchuk\" \/>\n<meta name=\"twitter:card\" content=\"summary_large_image\" \/>\n<meta name=\"twitter:label1\" content=\"Escrito por\" \/>\n\t<meta name=\"twitter:data1\" content=\"Mitch Semienchuk\" \/>\n<script type=\"application\/ld+json\" class=\"yoast-schema-graph\">{\"@context\":\"https:\/\/schema.org\",\"@graph\":[{\"@type\":\"Article\",\"@id\":\"https:\/\/wfh.org\/es\/article\/ya-esta-disponible-el-programa-preliminar-de-la-cumbre-2025-sobre-atencion-integral\/#article\",\"isPartOf\":{\"@id\":\"https:\/\/wfh.org\/es\/article\/ya-esta-disponible-el-programa-preliminar-de-la-cumbre-2025-sobre-atencion-integral\/\"},\"author\":{\"name\":\"Mitch Semienchuk\",\"@id\":\"https:\/\/wfh.org\/es\/#\/schema\/person\/4aea5b13c1966452a640eef39423925b\"},\"headline\":\"Ya est\u00e1 disponible el programa preliminar de la Cumbre 2025 sobre atenci\u00f3n integral\",\"datePublished\":\"2024-12-11T14:00:37+00:00\",\"dateModified\":\"2026-03-10T12:59:31+00:00\",\"mainEntityOfPage\":{\"@id\":\"https:\/\/wfh.org\/es\/article\/ya-esta-disponible-el-programa-preliminar-de-la-cumbre-2025-sobre-atencion-integral\/\"},\"wordCount\":88,\"publisher\":{\"@id\":\"https:\/\/wfh.org\/es\/#organization\"},\"image\":{\"@id\":\"https:\/\/wfh.org\/es\/article\/ya-esta-disponible-el-programa-preliminar-de-la-cumbre-2025-sobre-atencion-integral\/#primaryimage\"},\"thumbnailUrl\":\"https:\/\/wfh.org\/wp-content\/uploads\/2024\/12\/CCS-2025-Preliminary-Program-header.jpg\",\"articleSection\":[\"Congreso de la FMH sobre temas MSK\",\"Eventos\",\"Featured 2 - ES\"],\"inLanguage\":\"es\"},{\"@type\":\"WebPage\",\"@id\":\"https:\/\/wfh.org\/es\/article\/ya-esta-disponible-el-programa-preliminar-de-la-cumbre-2025-sobre-atencion-integral\/\",\"url\":\"https:\/\/wfh.org\/es\/article\/ya-esta-disponible-el-programa-preliminar-de-la-cumbre-2025-sobre-atencion-integral\/\",\"name\":\"Ya est\u00e1 disponible el programa preliminar de la Cumbre 2025 sobre atenci\u00f3n integral | FMH - Federaci\u00f3n Mundial de Hemofilia\",\"isPartOf\":{\"@id\":\"https:\/\/wfh.org\/es\/#website\"},\"primaryImageOfPage\":{\"@id\":\"https:\/\/wfh.org\/es\/article\/ya-esta-disponible-el-programa-preliminar-de-la-cumbre-2025-sobre-atencion-integral\/#primaryimage\"},\"image\":{\"@id\":\"https:\/\/wfh.org\/es\/article\/ya-esta-disponible-el-programa-preliminar-de-la-cumbre-2025-sobre-atencion-integral\/#primaryimage\"},\"thumbnailUrl\":\"https:\/\/wfh.org\/wp-content\/uploads\/2024\/12\/CCS-2025-Preliminary-Program-header.jpg\",\"datePublished\":\"2024-12-11T14:00:37+00:00\",\"dateModified\":\"2026-03-10T12:59:31+00:00\",\"inLanguage\":\"es\",\"potentialAction\":[{\"@type\":\"ReadAction\",\"target\":[\"https:\/\/wfh.org\/es\/article\/ya-esta-disponible-el-programa-preliminar-de-la-cumbre-2025-sobre-atencion-integral\/\"]}]},{\"@type\":\"ImageObject\",\"inLanguage\":\"es\",\"@id\":\"https:\/\/wfh.org\/es\/article\/ya-esta-disponible-el-programa-preliminar-de-la-cumbre-2025-sobre-atencion-integral\/#primaryimage\",\"url\":\"https:\/\/wfh.org\/wp-content\/uploads\/2024\/12\/CCS-2025-Preliminary-Program-header.jpg\",\"contentUrl\":\"https:\/\/wfh.org\/wp-content\/uploads\/2024\/12\/CCS-2025-Preliminary-Program-header.jpg\",\"width\":1200,\"height\":627,\"caption\":\"Preliminary program now available for the WFH 2025 Comprehensive Care Summit\"},{\"@type\":\"WebSite\",\"@id\":\"https:\/\/wfh.org\/es\/#website\",\"url\":\"https:\/\/wfh.org\/es\/\",\"name\":\"FMH - Federaci\u00f3n Mundial de Hemofilia\",\"description\":\"WFH - World Federation of Hemophilia\",\"publisher\":{\"@id\":\"https:\/\/wfh.org\/es\/#organization\"},\"potentialAction\":[{\"@type\":\"SearchAction\",\"target\":{\"@type\":\"EntryPoint\",\"urlTemplate\":\"https:\/\/wfh.org\/es\/?s={search_term_string}\"},\"query-input\":{\"@type\":\"PropertyValueSpecification\",\"valueRequired\":true,\"valueName\":\"search_term_string\"}}],\"inLanguage\":\"es\"},{\"@type\":\"Organization\",\"@id\":\"https:\/\/wfh.org\/es\/#organization\",\"name\":\"World Federation of Hemophilia\",\"url\":\"https:\/\/wfh.org\/es\/\",\"logo\":{\"@type\":\"ImageObject\",\"inLanguage\":\"es\",\"@id\":\"https:\/\/wfh.org\/es\/#\/schema\/logo\/image\/\",\"url\":\"https:\/\/wfh.org\/wp-content\/uploads\/2021\/10\/WFH-LOGO-ENGLISH.svg\",\"contentUrl\":\"https:\/\/wfh.org\/wp-content\/uploads\/2021\/10\/WFH-LOGO-ENGLISH.svg\",\"width\":210,\"height\":63,\"caption\":\"World Federation of Hemophilia\"},\"image\":{\"@id\":\"https:\/\/wfh.org\/es\/#\/schema\/logo\/image\/\"},\"sameAs\":[\"https:\/\/www.facebook.com\/wfhemophilia\/\"]},{\"@type\":\"Person\",\"@id\":\"https:\/\/wfh.org\/es\/#\/schema\/person\/4aea5b13c1966452a640eef39423925b\",\"name\":\"Mitch Semienchuk\",\"sameAs\":[\"analytics\"]}]}<\/script>\n<!-- \/ Yoast SEO Premium plugin. -->","yoast_head_json":{"title":"Ya est\u00e1 disponible el programa preliminar de la Cumbre 2025 sobre atenci\u00f3n integral | FMH - Federaci\u00f3n Mundial de Hemofilia","robots":{"index":"index","follow":"follow","max-snippet":"max-snippet:-1","max-image-preview":"max-image-preview:large","max-video-preview":"max-video-preview:-1"},"canonical":"https:\/\/wfh.org\/es\/article\/ya-esta-disponible-el-programa-preliminar-de-la-cumbre-2025-sobre-atencion-integral\/","og_locale":"es_ES","og_type":"article","og_title":"Ya est\u00e1 disponible el programa preliminar de la Cumbre 2025 sobre atenci\u00f3n integral","og_description":"S\u00edrvase notar que, al momento de la publicaci\u00f3n, la Cumbre 2025 sobre atenci\u00f3n integral se realizar\u00e1 \u00fanicamente en ingl\u00e9s. Otros idiomas podr\u00edan a\u00f1adirse posteriormente.","og_url":"https:\/\/wfh.org\/es\/article\/ya-esta-disponible-el-programa-preliminar-de-la-cumbre-2025-sobre-atencion-integral\/","og_site_name":"FMH - Federaci\u00f3n Mundial de Hemofilia","article_publisher":"https:\/\/www.facebook.com\/wfhemophilia\/","article_published_time":"2024-12-11T14:00:37+00:00","article_modified_time":"2026-03-10T12:59:31+00:00","og_image":[{"width":1200,"height":627,"url":"https:\/\/wfh.org\/wp-content\/uploads\/2024\/12\/CCS-2025-Preliminary-Program-header.jpg","type":"image\/jpeg"}],"author":"Mitch Semienchuk","twitter_card":"summary_large_image","twitter_misc":{"Escrito por":"Mitch Semienchuk"},"schema":{"@context":"https:\/\/schema.org","@graph":[{"@type":"Article","@id":"https:\/\/wfh.org\/es\/article\/ya-esta-disponible-el-programa-preliminar-de-la-cumbre-2025-sobre-atencion-integral\/#article","isPartOf":{"@id":"https:\/\/wfh.org\/es\/article\/ya-esta-disponible-el-programa-preliminar-de-la-cumbre-2025-sobre-atencion-integral\/"},"author":{"name":"Mitch Semienchuk","@id":"https:\/\/wfh.org\/es\/#\/schema\/person\/4aea5b13c1966452a640eef39423925b"},"headline":"Ya est\u00e1 disponible el programa preliminar de la Cumbre 2025 sobre atenci\u00f3n integral","datePublished":"2024-12-11T14:00:37+00:00","dateModified":"2026-03-10T12:59:31+00:00","mainEntityOfPage":{"@id":"https:\/\/wfh.org\/es\/article\/ya-esta-disponible-el-programa-preliminar-de-la-cumbre-2025-sobre-atencion-integral\/"},"wordCount":88,"publisher":{"@id":"https:\/\/wfh.org\/es\/#organization"},"image":{"@id":"https:\/\/wfh.org\/es\/article\/ya-esta-disponible-el-programa-preliminar-de-la-cumbre-2025-sobre-atencion-integral\/#primaryimage"},"thumbnailUrl":"https:\/\/wfh.org\/wp-content\/uploads\/2024\/12\/CCS-2025-Preliminary-Program-header.jpg","articleSection":["Congreso de la FMH sobre temas MSK","Eventos","Featured 2 - ES"],"inLanguage":"es"},{"@type":"WebPage","@id":"https:\/\/wfh.org\/es\/article\/ya-esta-disponible-el-programa-preliminar-de-la-cumbre-2025-sobre-atencion-integral\/","url":"https:\/\/wfh.org\/es\/article\/ya-esta-disponible-el-programa-preliminar-de-la-cumbre-2025-sobre-atencion-integral\/","name":"Ya est\u00e1 disponible el programa preliminar de la Cumbre 2025 sobre atenci\u00f3n integral | FMH - Federaci\u00f3n Mundial de Hemofilia","isPartOf":{"@id":"https:\/\/wfh.org\/es\/#website"},"primaryImageOfPage":{"@id":"https:\/\/wfh.org\/es\/article\/ya-esta-disponible-el-programa-preliminar-de-la-cumbre-2025-sobre-atencion-integral\/#primaryimage"},"image":{"@id":"https:\/\/wfh.org\/es\/article\/ya-esta-disponible-el-programa-preliminar-de-la-cumbre-2025-sobre-atencion-integral\/#primaryimage"},"thumbnailUrl":"https:\/\/wfh.org\/wp-content\/uploads\/2024\/12\/CCS-2025-Preliminary-Program-header.jpg","datePublished":"2024-12-11T14:00:37+00:00","dateModified":"2026-03-10T12:59:31+00:00","inLanguage":"es","potentialAction":[{"@type":"ReadAction","target":["https:\/\/wfh.org\/es\/article\/ya-esta-disponible-el-programa-preliminar-de-la-cumbre-2025-sobre-atencion-integral\/"]}]},{"@type":"ImageObject","inLanguage":"es","@id":"https:\/\/wfh.org\/es\/article\/ya-esta-disponible-el-programa-preliminar-de-la-cumbre-2025-sobre-atencion-integral\/#primaryimage","url":"https:\/\/wfh.org\/wp-content\/uploads\/2024\/12\/CCS-2025-Preliminary-Program-header.jpg","contentUrl":"https:\/\/wfh.org\/wp-content\/uploads\/2024\/12\/CCS-2025-Preliminary-Program-header.jpg","width":1200,"height":627,"caption":"Preliminary program now available for the WFH 2025 Comprehensive Care Summit"},{"@type":"WebSite","@id":"https:\/\/wfh.org\/es\/#website","url":"https:\/\/wfh.org\/es\/","name":"FMH - Federaci\u00f3n Mundial de Hemofilia","description":"WFH - World Federation of Hemophilia","publisher":{"@id":"https:\/\/wfh.org\/es\/#organization"},"potentialAction":[{"@type":"SearchAction","target":{"@type":"EntryPoint","urlTemplate":"https:\/\/wfh.org\/es\/?s={search_term_string}"},"query-input":{"@type":"PropertyValueSpecification","valueRequired":true,"valueName":"search_term_string"}}],"inLanguage":"es"},{"@type":"Organization","@id":"https:\/\/wfh.org\/es\/#organization","name":"World Federation of Hemophilia","url":"https:\/\/wfh.org\/es\/","logo":{"@type":"ImageObject","inLanguage":"es","@id":"https:\/\/wfh.org\/es\/#\/schema\/logo\/image\/","url":"https:\/\/wfh.org\/wp-content\/uploads\/2021\/10\/WFH-LOGO-ENGLISH.svg","contentUrl":"https:\/\/wfh.org\/wp-content\/uploads\/2021\/10\/WFH-LOGO-ENGLISH.svg","width":210,"height":63,"caption":"World Federation of Hemophilia"},"image":{"@id":"https:\/\/wfh.org\/es\/#\/schema\/logo\/image\/"},"sameAs":["https:\/\/www.facebook.com\/wfhemophilia\/"]},{"@type":"Person","@id":"https:\/\/wfh.org\/es\/#\/schema\/person\/4aea5b13c1966452a640eef39423925b","name":"Mitch Semienchuk","sameAs":["analytics"]}]}},"_links":{"self":[{"href":"https:\/\/wfh.org\/es\/wp-json\/wp\/v2\/posts\/130075","targetHints":{"allow":["GET"]}}],"collection":[{"href":"https:\/\/wfh.org\/es\/wp-json\/wp\/v2\/posts"}],"about":[{"href":"https:\/\/wfh.org\/es\/wp-json\/wp\/v2\/types\/post"}],"author":[{"embeddable":true,"href":"https:\/\/wfh.org\/es\/wp-json\/wp\/v2\/users\/13"}],"replies":[{"embeddable":true,"href":"https:\/\/wfh.org\/es\/wp-json\/wp\/v2\/comments?post=130075"}],"version-history":[{"count":2,"href":"https:\/\/wfh.org\/es\/wp-json\/wp\/v2\/posts\/130075\/revisions"}],"predecessor-version":[{"id":172769,"href":"https:\/\/wfh.org\/es\/wp-json\/wp\/v2\/posts\/130075\/revisions\/172769"}],"wp:featuredmedia":[{"embeddable":true,"href":"https:\/\/wfh.org\/es\/wp-json\/wp\/v2\/media\/130047"}],"wp:attachment":[{"href":"https:\/\/wfh.org\/es\/wp-json\/wp\/v2\/media?parent=130075"}],"wp:term":[{"taxonomy":"category","embeddable":true,"href":"https:\/\/wfh.org\/es\/wp-json\/wp\/v2\/categories?post=130075"},{"taxonomy":"post_tag","embeddable":true,"href":"https:\/\/wfh.org\/es\/wp-json\/wp\/v2\/tags?post=130075"},{"taxonomy":"search-category","embeddable":true,"href":"https:\/\/wfh.org\/es\/wp-json\/wp\/v2\/search-category?post=130075"}],"curies":[{"name":"wp","href":"https:\/\/api.w.org\/{rel}","templated":true}]}}